{"id":1403,"date":"2025-04-08T09:11:53","date_gmt":"2025-04-08T07:11:53","guid":{"rendered":"https:\/\/gkmke.sk\/mstemp\/?p=1403"},"modified":"2025-04-08T09:11:53","modified_gmt":"2025-04-08T07:11:53","slug":"plavecky-vycvik","status":"publish","type":"post","link":"https:\/\/gkmke.sk\/ms\/plavecky-vycvik\/","title":{"rendered":"Plaveck\u00fd v\u00fdcvik"},"content":{"rendered":"<p><span data-contrast=\"auto\">,, V\u0161etky na\u0161e deti\u010dky, pl\u00e1vaj\u00fa s\u0165a rybi\u010dky, u\u017e sa vody neboj\u00edme, v\u0161etky hl\u00e1vky ponor\u00edme.,,\u202f<\/span><span data-ccp-props=\"{}\">\u00a0<\/span><\/p>\n<p><span data-contrast=\"auto\">V druhej polovici septembra sa na\u0161i odv\u00e1\u017eni pred\u0161kol\u00e1ci z\u00fa\u010dastnili predplaveck\u00e9ho v\u00fdcviku na \u0164ahanovsk\u00fdch riadkoch pod veden\u00edm in\u0161truktorky Radky a in\u0161truktora Janka. Cie\u013eom kurzu bolo hrav\u00fdm sp\u00f4sobom vybudova\u0165 pozit\u00edvny vz\u0165ah det\u00ed k vodn\u00e9mu prostrediu. Deti z\u00edskali z\u00e1kladn\u00e9 plaveck\u00e9 n\u00e1vyky, nau\u010dili sa d\u00fdcha\u0165 do vody, sk\u00e1ka\u0165 s vestou ale aj bez vesty a spl\u00fdva\u0165 na bruchu a chrbte. Ve\u013ek\u00e9 \u010fakujem patr\u00ed aj obetav\u00fdm mami\u010dk\u00e1m, ktor\u00e9 n\u00e1m denne pom\u00e1hali a in\u0161truktorom, ktor\u00fdch si deti ve\u013emi ob\u013e\u00fabili a v de\u0165och\u202f sa im tak podarilo vzbudi\u0165 t\u00fa\u017ebu nau\u010di\u0165 sa pl\u00e1va\u0165 a ma\u0165 rados\u0165 z vodn\u00fdch radov\u00e1nok.<\/span><span data-contrast=\"auto\">\ud83d\ude0a<\/span><span data-contrast=\"auto\">\u202f<\/span><span data-ccp-props=\"{}\">\u00a0<\/span><\/p>\n<p>Viac fotografi\u00ed si m\u00f4\u017eete pozrie\u0165 v na\u0161ich fotogal\u00e9ri\u00e1ch:<\/p>\n<p><a href=\"https:\/\/eu.zonerama.com\/TriedaZabiek2017\/Album\/12113263\" target=\"_blank\" rel=\"noopener\">https:\/\/eu.zonerama.com\/TriedaZabiek2017\/Album\/12113263<\/a><\/p>\n<p><a href=\"https:\/\/eu.zonerama.com\/motyliky1\/Album\/12229383\" target=\"_blank\" rel=\"noopener\">https:\/\/eu.zonerama.com\/motyliky1\/Album\/12229383<\/a><\/p>\n<p><span data-ccp-props=\"{}\">\u00a0<\/span><\/p>\n","protected":false},"excerpt":{"rendered":"<p>,, V\u0161etky na\u0161e deti\u010dky, pl\u00e1vaj\u00fa s\u0165a rybi\u010dky, u\u017e sa vody neboj\u00edme, v\u0161etky hl\u00e1vky ponor\u00edme.,,\u202f\u00a0 V druhej polovici septembra sa na\u0161i odv\u00e1\u017eni pred\u0161kol\u00e1ci z\u00fa\u010dastnili predplaveck\u00e9ho v\u00fdcviku na \u0164ahanovsk\u00fdch riadkoch pod veden\u00edm in\u0161truktorky Radky a in\u0161truktora Janka. Cie\u013eom kurzu bolo hrav\u00fdm sp\u00f4sobom &hellip; <\/p>\n","protected":false},"author":1,"featured_media":1406,"comment_status":"closed","ping_status":"closed","sticky":false,"template":"","format":"standard","meta":{"_acf_changed":false,"footnotes":""},"categories":[96],"tags":[],"class_list":["post-1403","post","type-post","status-publish","format-standard","has-post-thumbnail","hentry","category-reportaze"],"acf":[],"_links":{"self":[{"href":"https:\/\/gkmke.sk\/ms\/wp-json\/wp\/v2\/posts\/1403","targetHints":{"allow":["GET"]}}],"collection":[{"href":"https:\/\/gkmke.sk\/ms\/wp-json\/wp\/v2\/posts"}],"about":[{"href":"https:\/\/gkmke.sk\/ms\/wp-json\/wp\/v2\/types\/post"}],"author":[{"embeddable":true,"href":"https:\/\/gkmke.sk\/ms\/wp-json\/wp\/v2\/users\/1"}],"replies":[{"embeddable":true,"href":"https:\/\/gkmke.sk\/ms\/wp-json\/wp\/v2\/comments?post=1403"}],"version-history":[{"count":0,"href":"https:\/\/gkmke.sk\/ms\/wp-json\/wp\/v2\/posts\/1403\/revisions"}],"wp:featuredmedia":[{"embeddable":true,"href":"https:\/\/gkmke.sk\/ms\/wp-json\/wp\/v2\/media\/1406"}],"wp:attachment":[{"href":"https:\/\/gkmke.sk\/ms\/wp-json\/wp\/v2\/media?parent=1403"}],"wp:term":[{"taxonomy":"category","embeddable":true,"href":"https:\/\/gkmke.sk\/ms\/wp-json\/wp\/v2\/categories?post=1403"},{"taxonomy":"post_tag","embeddable":true,"href":"https:\/\/gkmke.sk\/ms\/wp-json\/wp\/v2\/tags?post=1403"}],"curies":[{"name":"wp","href":"https:\/\/api.w.org\/{rel}","templated":true}]}}