{"id":1413,"date":"2025-04-08T09:57:03","date_gmt":"2025-04-08T07:57:03","guid":{"rendered":"https:\/\/gkmke.sk\/mstemp\/?p=1413"},"modified":"2025-04-08T09:57:03","modified_gmt":"2025-04-08T07:57:03","slug":"den-starych-rodicov","status":"publish","type":"post","link":"https:\/\/gkmke.sk\/ms\/den-starych-rodicov\/","title":{"rendered":"De\u0148 star\u00fdch rodi\u010dov"},"content":{"rendered":"<p><span data-contrast=\"auto\">Dn\u030ca 23. okto\u0301bra sme si pre nas\u030cich drahy\u0301ch stary\u0301ch rodic\u030cov pripravili vy\u0301nimoc\u030cne\u0301 popoludnie. Vel\u030cmi sme sa tes\u030cili, z\u030ce sme mohli opa\u0308t\u030c privi\u0301tat\u030c nas\u030cich stary\u0301ch rodic\u030cov v nas\u030cej s\u030ckole.<\/span><br \/>\n<span data-contrast=\"auto\"> Spolu so svojimi vnu\u0301c\u030catami sa zu\u0301c\u030castnili tvorivy\u0301ch dielni\u0301 v priestoroch nas\u030cej s\u030ckolskej jeda\u0301lne, kde si vyra\u0301bali fotora\u0301mc\u030ceky a na\u0301sledne sa vo fotoku\u0301tiku odfotili. Bola to pri\u0301lez\u030citost\u030c stra\u0301vit\u030c spoloc\u030cny\u0301 c\u030cas a vytvorit\u030c si kra\u0301sne spomienky. Po tvorivy\u0301ch dieln\u030cach sme si spoloc\u030cne s det\u030cmi zo S\u030cKD pripravili pre stary\u0301ch rodic\u030cov kultu\u0301rne vystu\u0301penie. Zazneli ba\u0301sne, l\u030cudove\u0301 piesne, sce\u0301nky, repete hity a tanc\u030ceky. Sme vel\u030cmi radi, z\u030ce sme aj takto mohli vyjadrit\u030c nas\u030cim stary\u0301m rodic\u030com u\u0301ctu a vd\u030caku. Tes\u030ci\u0301me sa na d\u030cals\u030cie kra\u0301sne stretnutie.\u00a0<\/span><span data-ccp-props=\"{&quot;335559739&quot;:0}\">\u00a0<\/span><\/p>\n<p>Nieko\u013eko fotografi\u00ed:<\/p>\n<p><a href=\"https:\/\/eu.zonerama.com\/cordlienka\/Album\/12453346\" target=\"_blank\" rel=\"noopener\">https:\/\/eu.zonerama.com\/cordlienka\/Album\/12453346<\/a><\/p>\n","protected":false},"excerpt":{"rendered":"<p>Dn\u030ca 23. okto\u0301bra sme si pre nas\u030cich drahy\u0301ch stary\u0301ch rodic\u030cov pripravili vy\u0301nimoc\u030cne\u0301 popoludnie. Vel\u030cmi sme sa tes\u030cili, z\u030ce sme mohli opa\u0308t\u030c privi\u0301tat\u030c nas\u030cich stary\u0301ch rodic\u030cov v nas\u030cej s\u030ckole. Spolu so svojimi vnu\u0301c\u030catami sa zu\u0301c\u030castnili tvorivy\u0301ch dielni\u0301 v priestoroch nas\u030cej s\u030ckolskej &hellip; <\/p>\n","protected":false},"author":1,"featured_media":1415,"comment_status":"closed","ping_status":"closed","sticky":false,"template":"","format":"standard","meta":{"_acf_changed":false,"footnotes":""},"categories":[96],"tags":[],"class_list":["post-1413","post","type-post","status-publish","format-standard","has-post-thumbnail","hentry","category-reportaze"],"acf":[],"_links":{"self":[{"href":"https:\/\/gkmke.sk\/ms\/wp-json\/wp\/v2\/posts\/1413","targetHints":{"allow":["GET"]}}],"collection":[{"href":"https:\/\/gkmke.sk\/ms\/wp-json\/wp\/v2\/posts"}],"about":[{"href":"https:\/\/gkmke.sk\/ms\/wp-json\/wp\/v2\/types\/post"}],"author":[{"embeddable":true,"href":"https:\/\/gkmke.sk\/ms\/wp-json\/wp\/v2\/users\/1"}],"replies":[{"embeddable":true,"href":"https:\/\/gkmke.sk\/ms\/wp-json\/wp\/v2\/comments?post=1413"}],"version-history":[{"count":0,"href":"https:\/\/gkmke.sk\/ms\/wp-json\/wp\/v2\/posts\/1413\/revisions"}],"wp:featuredmedia":[{"embeddable":true,"href":"https:\/\/gkmke.sk\/ms\/wp-json\/wp\/v2\/media\/1415"}],"wp:attachment":[{"href":"https:\/\/gkmke.sk\/ms\/wp-json\/wp\/v2\/media?parent=1413"}],"wp:term":[{"taxonomy":"category","embeddable":true,"href":"https:\/\/gkmke.sk\/ms\/wp-json\/wp\/v2\/categories?post=1413"},{"taxonomy":"post_tag","embeddable":true,"href":"https:\/\/gkmke.sk\/ms\/wp-json\/wp\/v2\/tags?post=1413"}],"curies":[{"name":"wp","href":"https:\/\/api.w.org\/{rel}","templated":true}]}}