{"id":1430,"date":"2025-04-08T16:19:31","date_gmt":"2025-04-08T14:19:31","guid":{"rendered":"https:\/\/gkmke.sk\/mstemp\/?p=1430"},"modified":"2025-04-08T16:19:31","modified_gmt":"2025-04-08T14:19:31","slug":"karneval-3","status":"publish","type":"post","link":"https:\/\/gkmke.sk\/ms\/karneval-3\/","title":{"rendered":"Karneval"},"content":{"rendered":"<p><span class=\"TextRun SCXW193185486 BCX0\" lang=\"SK-SK\" xml:lang=\"SK-SK\" data-contrast=\"auto\"><span class=\"NormalTextRun SCXW193185486 BCX0\">A op\u00e4\u0165 je tu fa\u0161iangov\u00e9 obdobie a s n\u00edm aj ma\u0161karn\u00e9 plesy a z\u00e1bavy. Aj u n\u00e1s v M\u0160 sa konal karneval, ktor\u00fd u\u017e deti dlho o\u010dak\u00e1vali<\/span><span class=\"NormalTextRun SCXW193185486 BCX0\">. V\u202ften de\u0148 sme sa v\u0161etci<\/span><span class=\"NormalTextRun SCXW193185486 BCX0\"> premenili na kr\u00e1sne rozpr\u00e1vkov\u00e9 bytosti<\/span><span class=\"NormalTextRun SCXW193185486 BCX0\">, zvieratk\u00e1 \u010di r\u00f4znych super hrdinov. A <\/span><span class=\"NormalTextRun SCXW193185486 BCX0\">aby n\u00e1m bolo vesel\u0161ie, zav\u00edtal k\u202fn\u00e1m hos\u0165 -Ujo \u013dubo. Karneval bol nielen pln\u00fd farieb, kr\u00e1snych masiek, ale najm\u00e4<\/span><span class=\"NormalTextRun SCXW193185486 BCX0\"> tanca,<\/span> <span class=\"NormalTextRun SCXW193185486 BCX0\">spevu a z\u00e1bavy.<\/span><span class=\"NormalTextRun SCXW193185486 BCX0\"> Na z\u00e1ver n\u00e1s \u010dakalo ob\u010derstvenie\u00a0 a\u202fde\u0148 pln\u00fd hier mohol pokra\u010dova\u0165 \u010falej.\u00a0 Ka\u017ed\u00fd si v\u202ftento de\u0148 zasl\u00fa\u017eil <\/span><span class=\"NormalTextRun SCXW193185486 BCX0\">odmenu<\/span><span class=\"NormalTextRun SCXW193185486 BCX0\">. <\/span><\/span><\/p>\n<p>Viac foto n\u00e1jdete vo fotogal\u00e9riach tried<\/p>\n","protected":false},"excerpt":{"rendered":"<p>A op\u00e4\u0165 je tu fa\u0161iangov\u00e9 obdobie a s n\u00edm aj ma\u0161karn\u00e9 plesy a z\u00e1bavy. Aj u n\u00e1s v M\u0160 sa konal karneval, ktor\u00fd u\u017e deti dlho o\u010dak\u00e1vali. V\u202ften de\u0148 sme sa v\u0161etci premenili na kr\u00e1sne rozpr\u00e1vkov\u00e9 bytosti, zvieratk\u00e1 \u010di r\u00f4znych &hellip; <\/p>\n","protected":false},"author":1,"featured_media":1431,"comment_status":"closed","ping_status":"closed","sticky":false,"template":"","format":"standard","meta":{"_acf_changed":false,"footnotes":""},"categories":[96],"tags":[],"class_list":["post-1430","post","type-post","status-publish","format-standard","has-post-thumbnail","hentry","category-reportaze"],"acf":[],"_links":{"self":[{"href":"https:\/\/gkmke.sk\/ms\/wp-json\/wp\/v2\/posts\/1430","targetHints":{"allow":["GET"]}}],"collection":[{"href":"https:\/\/gkmke.sk\/ms\/wp-json\/wp\/v2\/posts"}],"about":[{"href":"https:\/\/gkmke.sk\/ms\/wp-json\/wp\/v2\/types\/post"}],"author":[{"embeddable":true,"href":"https:\/\/gkmke.sk\/ms\/wp-json\/wp\/v2\/users\/1"}],"replies":[{"embeddable":true,"href":"https:\/\/gkmke.sk\/ms\/wp-json\/wp\/v2\/comments?post=1430"}],"version-history":[{"count":0,"href":"https:\/\/gkmke.sk\/ms\/wp-json\/wp\/v2\/posts\/1430\/revisions"}],"wp:featuredmedia":[{"embeddable":true,"href":"https:\/\/gkmke.sk\/ms\/wp-json\/wp\/v2\/media\/1431"}],"wp:attachment":[{"href":"https:\/\/gkmke.sk\/ms\/wp-json\/wp\/v2\/media?parent=1430"}],"wp:term":[{"taxonomy":"category","embeddable":true,"href":"https:\/\/gkmke.sk\/ms\/wp-json\/wp\/v2\/categories?post=1430"},{"taxonomy":"post_tag","embeddable":true,"href":"https:\/\/gkmke.sk\/ms\/wp-json\/wp\/v2\/tags?post=1430"}],"curies":[{"name":"wp","href":"https:\/\/api.w.org\/{rel}","templated":true}]}}