{"id":1445,"date":"2025-04-08T16:33:30","date_gmt":"2025-04-08T14:33:30","guid":{"rendered":"https:\/\/gkmke.sk\/mstemp\/?p=1445"},"modified":"2025-04-08T16:33:30","modified_gmt":"2025-04-08T14:33:30","slug":"koza-odrata-a-jez","status":"publish","type":"post","link":"https:\/\/gkmke.sk\/ms\/koza-odrata-a-jez\/","title":{"rendered":"Koza odrat\u00e1 a je\u017e"},"content":{"rendered":"<p><span class=\"NormalTextRun SCXW177863196 BCX0\">27.3.2025 sa deti a\u202fpani u\u010dite\u013eky z\u202fna\u0161ej materskej \u0161koly z\u00fa\u010dastnili b\u00e1bkov\u00e9ho predstavenia Koza odrat\u00e1 a\u202fje\u017e v\u202fB\u00e1bkovom divadle v\u202fKo\u0161iciach. V r<\/span><span class=\"NormalTextRun SCXW177863196 BCX0\">ozpr\u00e1vk<\/span><span class=\"NormalTextRun SCXW177863196 BCX0\">e<\/span><span class=\"NormalTextRun SCXW177863196 BCX0\"> zo zbierky Pavla Dob\u0161insk\u00e9ho<\/span> <span class=\"NormalTextRun SCXW177863196 BCX0\">sa koza, bez op\u00fdtania, nas\u0165ahovala do l\u00ed\u0161\u010dej nory, a l\u00ed\u0161ka tak pri\u0161la o svoj domov.<\/span><span class=\"NormalTextRun SCXW177863196 BCX0\"> L<\/span><span class=\"NormalTextRun SCXW177863196 BCX0\">\u00ed\u0161ka h\u013eadala pomoc u viacer\u00fdch priate\u013eov<\/span><span class=\"NormalTextRun SCXW177863196 BCX0\"> a\u202fnapokon jej pomohol mal\u00fd je\u017eko. Deti sa tak nau\u010dili , <\/span><span class=\"NormalTextRun SCXW177863196 BCX0\">\u017ee hrdina nemus\u00ed by\u0165 ve\u013ek\u00fd a siln\u00fd, ale sta\u010d\u00ed ak m\u00e1 bystr\u00fd rozum a trochu \u0161ikovnosti.\u202f<\/span><span class=\"NormalTextRun SCXW177863196 BCX0\">Predstavenie sa v\u0161etk\u00fdm ve\u013emi p\u00e1\u010dilo a\u202fna z\u00e1ver si deti mohli pozrie\u0165 b\u00e1bky zvierat aj zbl\u00edzka.\u00a0<\/span><\/p>\n","protected":false},"excerpt":{"rendered":"<p>27.3.2025 sa deti a\u202fpani u\u010dite\u013eky z\u202fna\u0161ej materskej \u0161koly z\u00fa\u010dastnili b\u00e1bkov\u00e9ho predstavenia Koza odrat\u00e1 a\u202fje\u017e v\u202fB\u00e1bkovom divadle v\u202fKo\u0161iciach. V rozpr\u00e1vke zo zbierky Pavla Dob\u0161insk\u00e9ho sa koza, bez op\u00fdtania, nas\u0165ahovala do l\u00ed\u0161\u010dej nory, a l\u00ed\u0161ka tak pri\u0161la o svoj domov. L\u00ed\u0161ka h\u013eadala &hellip; <\/p>\n","protected":false},"author":1,"featured_media":1446,"comment_status":"closed","ping_status":"closed","sticky":false,"template":"","format":"standard","meta":{"_acf_changed":false,"footnotes":""},"categories":[96],"tags":[],"class_list":["post-1445","post","type-post","status-publish","format-standard","has-post-thumbnail","hentry","category-reportaze"],"acf":[],"_links":{"self":[{"href":"https:\/\/gkmke.sk\/ms\/wp-json\/wp\/v2\/posts\/1445","targetHints":{"allow":["GET"]}}],"collection":[{"href":"https:\/\/gkmke.sk\/ms\/wp-json\/wp\/v2\/posts"}],"about":[{"href":"https:\/\/gkmke.sk\/ms\/wp-json\/wp\/v2\/types\/post"}],"author":[{"embeddable":true,"href":"https:\/\/gkmke.sk\/ms\/wp-json\/wp\/v2\/users\/1"}],"replies":[{"embeddable":true,"href":"https:\/\/gkmke.sk\/ms\/wp-json\/wp\/v2\/comments?post=1445"}],"version-history":[{"count":0,"href":"https:\/\/gkmke.sk\/ms\/wp-json\/wp\/v2\/posts\/1445\/revisions"}],"wp:featuredmedia":[{"embeddable":true,"href":"https:\/\/gkmke.sk\/ms\/wp-json\/wp\/v2\/media\/1446"}],"wp:attachment":[{"href":"https:\/\/gkmke.sk\/ms\/wp-json\/wp\/v2\/media?parent=1445"}],"wp:term":[{"taxonomy":"category","embeddable":true,"href":"https:\/\/gkmke.sk\/ms\/wp-json\/wp\/v2\/categories?post=1445"},{"taxonomy":"post_tag","embeddable":true,"href":"https:\/\/gkmke.sk\/ms\/wp-json\/wp\/v2\/tags?post=1445"}],"curies":[{"name":"wp","href":"https:\/\/api.w.org\/{rel}","templated":true}]}}