{"id":14708,"date":"2025-11-06T18:42:25","date_gmt":"2025-11-06T17:42:25","guid":{"rendered":"https:\/\/gkmke.sk\/ms\/?p=14708"},"modified":"2025-11-06T18:50:40","modified_gmt":"2025-11-06T17:50:40","slug":"den-starych-rodicov-v-materskej-skole-sv-kosickych-mucenikov","status":"publish","type":"post","link":"https:\/\/gkmke.sk\/ms\/den-starych-rodicov-v-materskej-skole-sv-kosickych-mucenikov\/","title":{"rendered":"De\u0148 star\u00fdch rodi\u010dov v Materskej \u0161kole sv. Ko\u0161ick\u00fdch mu\u010den\u00edkov\u00a0"},"content":{"rendered":"\n<p>D\u0148a 22. okt\u00f3bra 2025 sa v jed\u00e1lni na\u0161ej materskej \u0161koly uskuto\u010dnilo mil\u00e9 podujatie pri pr\u00edle\u017eitosti D\u0148a star\u00fdch rodi\u010dov. Deti z jednotliv\u00fdch tried si s l\u00e1skou a nad\u0161en\u00edm pripravili kr\u00e1tky program pln\u00fd piesn\u00ed, b\u00e1sn\u00ed a tanca, ktor\u00fdm chceli vyjadri\u0165 svoju v\u010fa\u010dnos\u0165 a l\u00e1sku svojim star\u00fdm rodi\u010dom. Ka\u017ed\u00e1 trieda \u2013 Lienky, V\u010dielky, Mot\u00fdliky aj \u017dabky \u2013 sa predstavila origin\u00e1lnym vyst\u00fapen\u00edm, ktor\u00e9 deti nacvi\u010dili spolu so svojimi pani u\u010dite\u013ekami. Nech\u00fdbali vesel\u00e9 pesni\u010dky, doj\u00edmav\u00e9 b\u00e1sni\u010dky ani rytmick\u00e9 tance, ktor\u00e9 vy\u010darili \u00fasmev na tv\u00e1rach v\u0161etk\u00fdch pr\u00edtomn\u00fdch.\u00a0<\/p>\n\n\n\n<p>Po programe deti odovzdali star\u00fdm rodi\u010dom kr\u00e1sne, ru\u010dne vyroben\u00e9 dar\u010deky a nasledoval pr\u00edjemn\u00fd \u010das rozhovorov pri chutnom ob\u010derstven\u00ed. Spolo\u010dne pre\u017eit\u00e9 chv\u00edle boli naplnen\u00e9 rados\u0165ou, smiechom a v\u010fa\u010dnos\u0165ou.Toto podujatie n\u00e1m v\u0161etk\u00fdm pripomenulo, ak\u00ed vz\u00e1cni s\u00fa star\u00ed rodi\u010dia v \u017eivote det\u00ed \u2013 svojou l\u00e1skou, m\u00fadros\u0165ou a trpezlivos\u0165ou s\u00fa pre ne nenahradite\u013en\u00fdm darom.\u00a0<\/p>\n\n\n\n<p><\/p>\n","protected":false},"excerpt":{"rendered":"<p>D\u0148a 22. okt\u00f3bra 2025 sa v jed\u00e1lni na\u0161ej materskej \u0161koly uskuto\u010dnilo mil\u00e9 podujatie pri pr\u00edle\u017eitosti D\u0148a star\u00fdch rodi\u010dov. Deti z jednotliv\u00fdch tried si s l\u00e1skou a nad\u0161en\u00edm pripravili kr\u00e1tky program pln\u00fd piesn\u00ed, b\u00e1sn\u00ed a tanca, ktor\u00fdm chceli vyjadri\u0165 svoju v\u010fa\u010dnos\u0165 &hellip; <\/p>\n","protected":false},"author":7,"featured_media":14709,"comment_status":"closed","ping_status":"closed","sticky":false,"template":"","format":"standard","meta":{"_acf_changed":false,"footnotes":""},"categories":[96],"tags":[],"class_list":["post-14708","post","type-post","status-publish","format-standard","has-post-thumbnail","hentry","category-reportaze"],"acf":[],"_links":{"self":[{"href":"https:\/\/gkmke.sk\/ms\/wp-json\/wp\/v2\/posts\/14708","targetHints":{"allow":["GET"]}}],"collection":[{"href":"https:\/\/gkmke.sk\/ms\/wp-json\/wp\/v2\/posts"}],"about":[{"href":"https:\/\/gkmke.sk\/ms\/wp-json\/wp\/v2\/types\/post"}],"author":[{"embeddable":true,"href":"https:\/\/gkmke.sk\/ms\/wp-json\/wp\/v2\/users\/7"}],"replies":[{"embeddable":true,"href":"https:\/\/gkmke.sk\/ms\/wp-json\/wp\/v2\/comments?post=14708"}],"version-history":[{"count":1,"href":"https:\/\/gkmke.sk\/ms\/wp-json\/wp\/v2\/posts\/14708\/revisions"}],"predecessor-version":[{"id":14718,"href":"https:\/\/gkmke.sk\/ms\/wp-json\/wp\/v2\/posts\/14708\/revisions\/14718"}],"wp:featuredmedia":[{"embeddable":true,"href":"https:\/\/gkmke.sk\/ms\/wp-json\/wp\/v2\/media\/14709"}],"wp:attachment":[{"href":"https:\/\/gkmke.sk\/ms\/wp-json\/wp\/v2\/media?parent=14708"}],"wp:term":[{"taxonomy":"category","embeddable":true,"href":"https:\/\/gkmke.sk\/ms\/wp-json\/wp\/v2\/categories?post=14708"},{"taxonomy":"post_tag","embeddable":true,"href":"https:\/\/gkmke.sk\/ms\/wp-json\/wp\/v2\/tags?post=14708"}],"curies":[{"name":"wp","href":"https:\/\/api.w.org\/{rel}","templated":true}]}}