{"id":14727,"date":"2025-11-07T22:33:26","date_gmt":"2025-11-07T21:33:26","guid":{"rendered":"https:\/\/gkmke.sk\/ms\/adventna-duchovna-obnova-pre-rodicov-7-12-2025\/"},"modified":"2025-11-07T22:34:45","modified_gmt":"2025-11-07T21:34:45","slug":"adventna-duchovna-obnova-pre-rodicov-7-12-2025","status":"publish","type":"post","link":"https:\/\/gkmke.sk\/ms\/adventna-duchovna-obnova-pre-rodicov-7-12-2025\/","title":{"rendered":"Adventn\u00e1 duchovn\u00e1 obnova pre rodi\u010dov | 7.12.2025"},"content":{"rendered":"\n<p>V\u00e1\u017een\u00ed rodi\u010dia, <\/p>\n\n\n\n<p>poz\u00fdvame V\u00e1s na <strong>adventn\u00fa duchovn\u00fa obnovu<\/strong>, ktor\u00e1 sa uskuto\u010dn\u00ed v\u00a0nede\u013eu <strong>7. 12. 2025<\/strong> <\/p>\n\n\n\n<p>v\u00a0\u010dase <strong>od 9.30 do 15.00 h<\/strong> v\u00a0Spojenej \u0161kole sv. Ko\u0161ick\u00fdch mu\u010den\u00edkov.<\/p>\n\n\n\n<p>T\u00e9ma duchovnej obnovy: <strong>STOLUJEME\u00a0SPOLU JEME &#8222;A ke\u010f s nimi stoloval&#8230;&#8220; (Sk 1,4)\u2002\u2002\u2002\u2002<\/strong>\u00a0 \u00a0<br>Hos\u0165om duchovnej obnovy je k\u0148az Ko\u0161ickej arcidiec\u00e9zy, jubilejn\u00fd kazate\u013e a\u00a0vicerektor Dom\u010deka bl. Anny Koles\u00e1rovej vo Vysokej nad Uhom o. Franti\u0161ek Petru\u0161ka. <\/p>\n\n\n\n<p>Je potrebn\u00e9 sa prihl\u00e1si\u0165 <a href=\"https:\/\/forms.office.com\/e\/NbjWzTHVt6\" target=\"_blank\" rel=\"noreferrer noopener\">formul\u00e1rom<\/a> najnesk\u00f4r do 2.12.2025: <\/p>\n\n\n<div class=\"wp-block-image\">\n<figure class=\"aligncenter size-full is-resized\"><img fetchpriority=\"high\" decoding=\"async\" width=\"595\" height=\"584\" src=\"https:\/\/gkmke.sk\/ms\/wp-content\/uploads\/sites\/2\/2025\/11\/image.png\" alt=\"\" class=\"wp-image-14730\" style=\"width:204px;height:auto\"\/><\/figure><\/div>\n\n\n<p>Vlo\u017en\u00e9 pre dospel\u00fa osobu je 10 eur, pre die\u0165a 5 eur. \u00dahradu je potrebn\u00e9 realizova\u0165 v\u00a0de\u0148 podujatia. Zabezpe\u010den\u00e9 je ob\u010derstvenie, k\u00e1va, \u010daj, obed a\u00a0anima\u010dn\u00fd program pre deti.\u00a0<\/p>\n\n\n\n<p><strong>Orienta\u010dn\u00fd program:<\/strong><\/p>\n\n\n\n<p>\u00a09.00 \u2013 9.30 h pr\u00edchod a\u00a0registr\u00e1cia\u00a0<\/p>\n\n\n\n<p>9.30 h \u00favodn\u00fd vstup a\u00a0predn\u00e1\u0161ka<\/p>\n\n\n\n<p>10.30 h ador\u00e1cia, sviatos\u0165 zmierenia, rozhovory\u00a0<\/p>\n\n\n\n<p>11.30 h sv. om\u0161a\u00a0<\/p>\n\n\n\n<p>12.30 h obed\u00a0<\/p>\n\n\n\n<p>13.30 h svedectv\u00e1, zdie\u013eanie\u00a0<\/p>\n\n\n\n<p>14.30 h Korunka k\u00a0Bo\u017eiemu milosrdenstvu a z\u00e1ver.<\/p>\n\n\n\n<p><\/p>\n","protected":false},"excerpt":{"rendered":"<p>V\u00e1\u017een\u00ed rodi\u010dia, poz\u00fdvame V\u00e1s na adventn\u00fa duchovn\u00fa obnovu, ktor\u00e1 sa uskuto\u010dn\u00ed v\u00a0nede\u013eu 7. 12. 2025 v\u00a0\u010dase od 9.30 do 15.00 h v\u00a0Spojenej \u0161kole sv. Ko\u0161ick\u00fdch mu\u010den\u00edkov. T\u00e9ma duchovnej obnovy: STOLUJEME\u00a0SPOLU JEME &#8222;A ke\u010f s nimi stoloval&#8230;&#8220; (Sk 1,4)\u2002\u2002\u2002\u2002\u00a0 \u00a0Hos\u0165om duchovnej &hellip; <\/p>\n","protected":false},"author":2,"featured_media":14728,"comment_status":"closed","ping_status":"closed","sticky":false,"template":"","format":"standard","meta":{"_acf_changed":false,"footnotes":""},"categories":[104],"tags":[],"class_list":["post-14727","post","type-post","status-publish","format-standard","has-post-thumbnail","hentry","category-oznamy"],"acf":[],"_links":{"self":[{"href":"https:\/\/gkmke.sk\/ms\/wp-json\/wp\/v2\/posts\/14727","targetHints":{"allow":["GET"]}}],"collection":[{"href":"https:\/\/gkmke.sk\/ms\/wp-json\/wp\/v2\/posts"}],"about":[{"href":"https:\/\/gkmke.sk\/ms\/wp-json\/wp\/v2\/types\/post"}],"author":[{"embeddable":true,"href":"https:\/\/gkmke.sk\/ms\/wp-json\/wp\/v2\/users\/2"}],"replies":[{"embeddable":true,"href":"https:\/\/gkmke.sk\/ms\/wp-json\/wp\/v2\/comments?post=14727"}],"version-history":[{"count":1,"href":"https:\/\/gkmke.sk\/ms\/wp-json\/wp\/v2\/posts\/14727\/revisions"}],"predecessor-version":[{"id":14735,"href":"https:\/\/gkmke.sk\/ms\/wp-json\/wp\/v2\/posts\/14727\/revisions\/14735"}],"wp:featuredmedia":[{"embeddable":true,"href":"https:\/\/gkmke.sk\/ms\/wp-json\/wp\/v2\/media\/14728"}],"wp:attachment":[{"href":"https:\/\/gkmke.sk\/ms\/wp-json\/wp\/v2\/media?parent=14727"}],"wp:term":[{"taxonomy":"category","embeddable":true,"href":"https:\/\/gkmke.sk\/ms\/wp-json\/wp\/v2\/categories?post=14727"},{"taxonomy":"post_tag","embeddable":true,"href":"https:\/\/gkmke.sk\/ms\/wp-json\/wp\/v2\/tags?post=14727"}],"curies":[{"name":"wp","href":"https:\/\/api.w.org\/{rel}","templated":true}]}}