{"id":14992,"date":"2026-03-23T09:00:06","date_gmt":"2026-03-23T08:00:06","guid":{"rendered":"https:\/\/gkmke.sk\/ms\/zapis-do-1-rocnika-2\/"},"modified":"2026-03-23T09:10:08","modified_gmt":"2026-03-23T08:10:08","slug":"zapis-do-1-rocnika-2","status":"publish","type":"post","link":"https:\/\/gkmke.sk\/ms\/zapis-do-1-rocnika-2\/","title":{"rendered":"Z\u00e1pis do 1. ro\u010dn\u00edka"},"content":{"rendered":"\n<p>V\u00e1\u017een\u00ed rodi\u010dia bud\u00facich prv\u00e1kov,<\/p>\n\n\n\n<p>z\u00e1pis \u017eiakov do&nbsp;1.&nbsp;ro\u010dn\u00edka pre&nbsp;\u0161kolsk\u00fd rok&nbsp; 2026\/2027 sa uskuto\u010dn\u00ed v&nbsp;\u010dase, ktor\u00fd ste si zvolili v&nbsp;ur\u010denom term\u00edne od 8.4.2026 do 10.4.2026.&nbsp;<\/p>\n\n\n\n<p>Pripom\u00edname, \u017ee u\u017e teraz je mo\u017en\u00e9 registrova\u0165 sa na port\u00e1li&nbsp;<a rel=\"noreferrer noopener\" target=\"_blank\" href=\"https:\/\/eprihlasky.iedu.sk\/\">ePrihl\u00e1\u0161ky<\/a>&nbsp;a&nbsp;vytvori\u0165 si pou\u017e\u00edvate\u013esk\u00fd \u00fa\u010det. N\u00e1sledne od 1. apr\u00edla 2026 je potrebn\u00e9:<\/p>\n\n\n\n<ol start=\"1\" class=\"wp-block-list\">\n<li>Elektronicky poda\u0165 prihl\u00e1\u0161ku na vzdel\u00e1vanie v\u00a0z\u00e1kladnej \u0161kole prostredn\u00edctvom port\u00e1lu\u00a0<a href=\"https:\/\/eprihlasky.iedu.sk\/\" target=\"_blank\" rel=\"noreferrer noopener\">ePrihl\u00e1\u0161ky<\/a>.\u00a0<\/li>\n\n\n\n<li>Z\u00fa\u010dastni\u0165 sa z\u00e1pisu vo\u00a0Vami zvolenom term\u00edne.\u00a0<\/li>\n<\/ol>\n\n\n\n<p>&nbsp;Kde n\u00e1jdete potrebn\u00e9 inform\u00e1cie?<\/p>\n\n\n\n<ul class=\"wp-block-list\">\n<li>Port\u00e1l elektronickej prihl\u00e1\u0161ky: \u00a0\u00a0<a href=\"https:\/\/eprihlasky.iedu.sk\/Pomoc-a-podpora\/Zakladne-skoly\" target=\"_blank\" rel=\"noreferrer noopener\">https:\/\/eprihlasky.iedu.sk\/Pomoc-a-podpora\/Zakladne-skoly<\/a><\/li>\n\n\n\n<li>Videon\u00e1vod pre\u00a0rodi\u010dov: \u00a0\u00a0<a href=\"https:\/\/eprihlasky.iedu.sk\/Pomoc-a-podpora\/Zakladne-skoly\" target=\"_blank\" rel=\"noreferrer noopener\">https:\/\/eprihlasky.iedu.sk\/Pomoc-a-podpora\/Zakladne-skoly<\/a><\/li>\n\n\n\n<li>Podrobn\u00e9 inform\u00e1cie o\u00a0syst\u00e9me:\u00a0 \u00a0<a href=\"https:\/\/eprihlasky.iedu.sk\/\" target=\"_blank\" rel=\"noreferrer noopener\">https:\/\/eprihlasky.iedu.sk\/<\/a><\/li>\n<\/ul>\n\n\n\n<p>Pripom\u00edname, \u017ee na\u0161a z\u00e1kladn\u00e1 \u0161kola je okrem in\u00fdch aktiv\u00edt, \u0161kolou pridru\u017eenou do medzin\u00e1rodnej siete \u0161k\u00f4l UNESCO, \u0161kolou akt\u00edvne realizuj\u00facou program Erasmus+ pre \u017eiakov a fakultnou \u0161kolou. Inform\u00e1cie publikujeme na webovom s\u00eddle\u00a0<a href=\"https:\/\/gkmke.sk\/\" target=\"_blank\" rel=\"noreferrer noopener\">https:\/\/gkmke.sk<\/a><\/p>\n\n\n\n<p>\u010eakujeme za V\u00e1\u0161 z\u00e1ujem a&nbsp;te\u0161\u00edme sa na stretnutie.<\/p>\n","protected":false},"excerpt":{"rendered":"<p>V\u00e1\u017een\u00ed rodi\u010dia bud\u00facich prv\u00e1kov, z\u00e1pis \u017eiakov do&nbsp;1.&nbsp;ro\u010dn\u00edka pre&nbsp;\u0161kolsk\u00fd rok&nbsp; 2026\/2027 sa uskuto\u010dn\u00ed v&nbsp;\u010dase, ktor\u00fd ste si zvolili v&nbsp;ur\u010denom term\u00edne od 8.4.2026 do 10.4.2026.&nbsp; Pripom\u00edname, \u017ee u\u017e teraz je mo\u017en\u00e9 registrova\u0165 sa na port\u00e1li&nbsp;ePrihl\u00e1\u0161ky&nbsp;a&nbsp;vytvori\u0165 si pou\u017e\u00edvate\u013esk\u00fd \u00fa\u010det. N\u00e1sledne od 1. apr\u00edla &hellip; <\/p>\n","protected":false},"author":2,"featured_media":14993,"comment_status":"closed","ping_status":"closed","sticky":false,"template":"","format":"standard","meta":{"_acf_changed":false,"footnotes":""},"categories":[104],"tags":[],"class_list":["post-14992","post","type-post","status-publish","format-standard","has-post-thumbnail","hentry","category-oznamy"],"acf":[],"_links":{"self":[{"href":"https:\/\/gkmke.sk\/ms\/wp-json\/wp\/v2\/posts\/14992","targetHints":{"allow":["GET"]}}],"collection":[{"href":"https:\/\/gkmke.sk\/ms\/wp-json\/wp\/v2\/posts"}],"about":[{"href":"https:\/\/gkmke.sk\/ms\/wp-json\/wp\/v2\/types\/post"}],"author":[{"embeddable":true,"href":"https:\/\/gkmke.sk\/ms\/wp-json\/wp\/v2\/users\/2"}],"replies":[{"embeddable":true,"href":"https:\/\/gkmke.sk\/ms\/wp-json\/wp\/v2\/comments?post=14992"}],"version-history":[{"count":0,"href":"https:\/\/gkmke.sk\/ms\/wp-json\/wp\/v2\/posts\/14992\/revisions"}],"wp:featuredmedia":[{"embeddable":true,"href":"https:\/\/gkmke.sk\/ms\/wp-json\/wp\/v2\/media\/14993"}],"wp:attachment":[{"href":"https:\/\/gkmke.sk\/ms\/wp-json\/wp\/v2\/media?parent=14992"}],"wp:term":[{"taxonomy":"category","embeddable":true,"href":"https:\/\/gkmke.sk\/ms\/wp-json\/wp\/v2\/categories?post=14992"},{"taxonomy":"post_tag","embeddable":true,"href":"https:\/\/gkmke.sk\/ms\/wp-json\/wp\/v2\/tags?post=14992"}],"curies":[{"name":"wp","href":"https:\/\/api.w.org\/{rel}","templated":true}]}}