{"id":16777,"date":"2025-04-24T10:42:41","date_gmt":"2025-04-24T08:42:41","guid":{"rendered":"https:\/\/gkmke.sk\/zs\/pietne-miesto\/"},"modified":"2025-05-15T10:31:32","modified_gmt":"2025-05-15T08:31:32","slug":"pietne-miesto","status":"publish","type":"post","link":"https:\/\/gkmke.sk\/zs\/pietne-miesto\/","title":{"rendered":"Pietne miesto"},"content":{"rendered":"\n<p>V \u0161kolskej kaplnke sv. Ko\u0161ick\u00fdch mu\u010den\u00edkov bolo zriaden\u00e9 pietne miesto, kde je mo\u017en\u00e9 ucti\u0165 si pamiatku p\u00e1pe\u017ea Franti\u0161ka, ktor\u00fd zomrel v pondelok 21. apr\u00edla 2025.<\/p>\n\n\n\n<p>Franti\u0161ek z\u00e1sadn\u00fdm sp\u00f4sobom ovplyvnil mnoh\u00fdch. Ak\u00e1ko\u013evek modlitba \u010di forma v\u010faky prinesie ovocie v prav\u00fd \u010das.\u00a0<\/p>\n\n\n<div class=\"wp-block-image\">\n<figure class=\"aligncenter size-large\"><img fetchpriority=\"high\" decoding=\"async\" width=\"1024\" height=\"768\" src=\"https:\/\/gkmke.sk\/zs\/wp-content\/uploads\/sites\/3\/2025\/05\/img-20250424-160932-1024x768.jpg\" alt=\"\" class=\"wp-image-16778\" srcset=\"https:\/\/gkmke.sk\/zs\/wp-content\/uploads\/sites\/3\/2025\/05\/img-20250424-160932-1024x768.jpg 1024w, https:\/\/gkmke.sk\/zs\/wp-content\/uploads\/sites\/3\/2025\/05\/img-20250424-160932-300x225.jpg 300w, https:\/\/gkmke.sk\/zs\/wp-content\/uploads\/sites\/3\/2025\/05\/img-20250424-160932-768x576.jpg 768w, https:\/\/gkmke.sk\/zs\/wp-content\/uploads\/sites\/3\/2025\/05\/img-20250424-160932-1536x1152.jpg 1536w, https:\/\/gkmke.sk\/zs\/wp-content\/uploads\/sites\/3\/2025\/05\/img-20250424-160932.jpg 1920w\" sizes=\"(max-width: 1024px) 100vw, 1024px\" \/><\/figure><\/div>\n\n\n<p>\u010eakujeme za p\u00e1pe\u017ea Franti\u0161ka.<\/p>\n\n\n<div class=\"wp-block-image\">\n<figure class=\"aligncenter size-large\"><img decoding=\"async\" width=\"768\" height=\"1024\" src=\"https:\/\/gkmke.sk\/zs\/wp-content\/uploads\/sites\/3\/2025\/05\/unknown-14-768x1024.jpg\" alt=\"\" class=\"wp-image-16780\" srcset=\"https:\/\/gkmke.sk\/zs\/wp-content\/uploads\/sites\/3\/2025\/05\/unknown-14-768x1024.jpg 768w, https:\/\/gkmke.sk\/zs\/wp-content\/uploads\/sites\/3\/2025\/05\/unknown-14-225x300.jpg 225w, https:\/\/gkmke.sk\/zs\/wp-content\/uploads\/sites\/3\/2025\/05\/unknown-14-1152x1536.jpg 1152w, https:\/\/gkmke.sk\/zs\/wp-content\/uploads\/sites\/3\/2025\/05\/unknown-14.jpg 1536w\" sizes=\"(max-width: 768px) 100vw, 768px\" \/><\/figure><\/div>","protected":false},"excerpt":{"rendered":"<p>V \u0161kolskej kaplnke sv. Ko\u0161ick\u00fdch mu\u010den\u00edkov bolo zriaden\u00e9 pietne miesto, kde je mo\u017en\u00e9 ucti\u0165 si pamiatku p\u00e1pe\u017ea Franti\u0161ka, ktor\u00fd zomrel v pondelok 21. apr\u00edla 2025. Franti\u0161ek z\u00e1sadn\u00fdm sp\u00f4sobom ovplyvnil mnoh\u00fdch. Ak\u00e1ko\u013evek modlitba \u010di forma v\u010faky prinesie ovocie v prav\u00fd \u010das.\u00a0 &hellip; <\/p>\n","protected":false},"author":2,"featured_media":16779,"comment_status":"closed","ping_status":"closed","sticky":false,"template":"","format":"standard","meta":{"_acf_changed":false,"footnotes":""},"categories":[40],"tags":[42],"class_list":["post-16777","post","type-post","status-publish","format-standard","has-post-thumbnail","hentry","category-reportaze","tag-slider"],"acf":[],"_links":{"self":[{"href":"https:\/\/gkmke.sk\/zs\/wp-json\/wp\/v2\/posts\/16777","targetHints":{"allow":["GET"]}}],"collection":[{"href":"https:\/\/gkmke.sk\/zs\/wp-json\/wp\/v2\/posts"}],"about":[{"href":"https:\/\/gkmke.sk\/zs\/wp-json\/wp\/v2\/types\/post"}],"author":[{"embeddable":true,"href":"https:\/\/gkmke.sk\/zs\/wp-json\/wp\/v2\/users\/2"}],"replies":[{"embeddable":true,"href":"https:\/\/gkmke.sk\/zs\/wp-json\/wp\/v2\/comments?post=16777"}],"version-history":[{"count":0,"href":"https:\/\/gkmke.sk\/zs\/wp-json\/wp\/v2\/posts\/16777\/revisions"}],"wp:featuredmedia":[{"embeddable":true,"href":"https:\/\/gkmke.sk\/zs\/wp-json\/wp\/v2\/media\/16779"}],"wp:attachment":[{"href":"https:\/\/gkmke.sk\/zs\/wp-json\/wp\/v2\/media?parent=16777"}],"wp:term":[{"taxonomy":"category","embeddable":true,"href":"https:\/\/gkmke.sk\/zs\/wp-json\/wp\/v2\/categories?post=16777"},{"taxonomy":"post_tag","embeddable":true,"href":"https:\/\/gkmke.sk\/zs\/wp-json\/wp\/v2\/tags?post=16777"}],"curies":[{"name":"wp","href":"https:\/\/api.w.org\/{rel}","templated":true}]}}