{"id":17295,"date":"2025-02-05T12:22:08","date_gmt":"2025-02-05T11:22:08","guid":{"rendered":"https:\/\/gkmke.sk\/zstemp\/?p=8664"},"modified":"2025-05-15T10:30:02","modified_gmt":"2025-05-15T08:30:02","slug":"__trashed-6","status":"publish","type":"post","link":"https:\/\/gkmke.sk\/zs\/__trashed-6\/","title":{"rendered":"S\u00fa\u0165a\u017e Inkognito"},"content":{"rendered":"<p>Mesiac november bol v na\u0161ej \u0161kole mesiacom povolan\u00ed. Podporn\u00fd t\u00edm exkluz\u00edvne pre \u017eiakov druh\u00e9ho stup\u0148a vytvoril z\u00e1bavn\u00e9 podujatie v podobe programu Inkognito. Ten prebiehal v priestoroch koncertnej s\u00e1ly a moder\u00e1torkou bola na\u0161a \u0161peci\u00e1lna pedagogi\u010dka Mgr. Monika Jankov\u00e1. Cie\u013eom bolo v prvom rade predstavi\u0165 de\u0165om r\u00f4zne zauj\u00edmav\u00e9 a ob\u010das i netradi\u010dn\u00e9 povolania. Nemenej d\u00f4le\u017eit\u00fdm cie\u013eom bolo zlep\u0161i\u0165 kooper\u00e1ciu medzi spolu\u017eiakmi a dobre sa zabavi\u0165. Na tieto povolania, na z\u00e1klade pon\u00faknutej ind\u00edcie malo pr\u00eds\u0165 \u0161tvor\u010dlenn\u00e9 dru\u017estvo spr\u00e1vne polo\u017een\u00fdmi ot\u00e1zkami. Vysvitlo, \u017ee to v\u00f4bec nie je tak\u00e9 jednoduch\u00e9 a tak sa so z\u00e1ujmom zap\u00e1jalo aj publikum. Naj\u00faspe\u0161nej\u0161\u00edm t\u00edmom bolo dru\u017estvo \u017eiakov 7. ro\u010dn\u00edka. Srde\u010dne blaho\u017eel\u00e1me.<\/p>\n<p>Na\u0161e ve\u013ek\u00e9 po\u010fakovanie patr\u00ed v\u0161etk\u00fdm t\u00fdm, ktor\u00ed obetovali svoj vz\u00e1cny \u010das, nav\u0161t\u00edvili n\u00e1s a predstavili svoje povolanie. \u010ci u\u017e to bol dozorca vo v\u00e4znici, stol\u00e1r, pr\u00e1vnik, speaker v r\u00e1diu, zv\u00e1ra\u010d, lek\u00e1r z\u00e1chran\u00e1r, architektka, floristka a vojensk\u00fd veterin\u00e1rny lek\u00e1r. Po\u010fakovanie patr\u00ed aj pozvan\u00fdm tajn\u00fdm hos\u0165om v podobe na\u0161ich zamestnancov: pani riadite\u013eke Adriane Bariovej, p\u00e1novi z\u00e1stupcovi Milanovi Ko\u0161\u010dovi, p\u00e1novi \u0161koln\u00edkovi Rolandovi Dvoro\u017e\u0148\u00e1kovi, pani ved\u00facej jed\u00e1lne Marienke Matejovej a \u0161kolsk\u00e9mu kapl\u00e1novi Michalovi \u0160kulkovi.<\/p>\n<p>Mgr. Jana Gamr\u00e1thov\u00e1<\/p>\n","protected":false},"excerpt":{"rendered":"<p>Mesiac november bol v na\u0161ej \u0161kole mesiacom povolan\u00ed. Podporn\u00fd t\u00edm exkluz\u00edvne pre \u017eiakov druh\u00e9ho stup\u0148a vytvoril z\u00e1bavn\u00e9 podujatie v podobe programu Inkognito. Ten prebiehal v priestoroch koncertnej s\u00e1ly a moder\u00e1torkou bola na\u0161a \u0161peci\u00e1lna pedagogi\u010dka Mgr. Monika Jankov\u00e1. Cie\u013eom bolo v &hellip; <\/p>\n","protected":false},"author":1,"featured_media":0,"comment_status":"closed","ping_status":"closed","sticky":false,"template":"","format":"standard","meta":{"_acf_changed":false,"footnotes":""},"categories":[40],"tags":[],"class_list":["post-17295","post","type-post","status-publish","format-standard","hentry","category-reportaze"],"acf":[],"_links":{"self":[{"href":"https:\/\/gkmke.sk\/zs\/wp-json\/wp\/v2\/posts\/17295","targetHints":{"allow":["GET"]}}],"collection":[{"href":"https:\/\/gkmke.sk\/zs\/wp-json\/wp\/v2\/posts"}],"about":[{"href":"https:\/\/gkmke.sk\/zs\/wp-json\/wp\/v2\/types\/post"}],"author":[{"embeddable":true,"href":"https:\/\/gkmke.sk\/zs\/wp-json\/wp\/v2\/users\/1"}],"replies":[{"embeddable":true,"href":"https:\/\/gkmke.sk\/zs\/wp-json\/wp\/v2\/comments?post=17295"}],"version-history":[{"count":0,"href":"https:\/\/gkmke.sk\/zs\/wp-json\/wp\/v2\/posts\/17295\/revisions"}],"wp:attachment":[{"href":"https:\/\/gkmke.sk\/zs\/wp-json\/wp\/v2\/media?parent=17295"}],"wp:term":[{"taxonomy":"category","embeddable":true,"href":"https:\/\/gkmke.sk\/zs\/wp-json\/wp\/v2\/categories?post=17295"},{"taxonomy":"post_tag","embeddable":true,"href":"https:\/\/gkmke.sk\/zs\/wp-json\/wp\/v2\/tags?post=17295"}],"curies":[{"name":"wp","href":"https:\/\/api.w.org\/{rel}","templated":true}]}}