{"id":17875,"date":"2025-05-16T10:13:14","date_gmt":"2025-05-16T08:13:14","guid":{"rendered":"https:\/\/gkmke.sk\/zs\/oznamenie-o-vyberovom-konani\/"},"modified":"2025-05-16T10:20:32","modified_gmt":"2025-05-16T08:20:32","slug":"oznamenie-o-vyberovom-konani","status":"publish","type":"post","link":"https:\/\/gkmke.sk\/zs\/oznamenie-o-vyberovom-konani\/","title":{"rendered":"Ozn\u00e1menie o\u00a0v\u00fdberovom konan\u00ed"},"content":{"rendered":"\n<p>V&nbsp;s\u00falade s \u00a7 10 z\u00e1kona \u010d. 138\/2019 Z. z. o&nbsp;pedagogick\u00fdch zamestnancoch a&nbsp;odborn\u00fdch zamestnancoch (\u010falej len \u201ez\u00e1kon\u201c) a&nbsp;o&nbsp;zmene a&nbsp;doplnen\u00ed niektor\u00fdch z\u00e1konov, ktor\u00fdm sa ustanovuj\u00fa kvalifika\u010dn\u00e9 predpoklady pre jednotliv\u00e9 kateg\u00f3rie pedagogick\u00fdch zamestnancov a&nbsp;odborn\u00fdch zamestnancov a&nbsp;v&nbsp;s\u00falade s v s\u00falade s vyhl\u00e1\u0161kou \u010d. 173\/2023 o kvalifika\u010dn\u00fdch predpokladoch pedagogick\u00fdch zamestnancov a odborn\u00fdch zamestnancov <strong>vyhlasuje <\/strong>riadite\u013estvo Spojenej \u0161koly sv. Ko\u0161ick\u00fdch mu\u010den\u00edkov v&nbsp;Ko\u0161iciach <strong>v\u00fdberov\u00e9 konanie<\/strong> na obsadenie pracovn\u00fdch miest na obdobie jedn\u00e9ho roka s&nbsp;n\u00e1stupom od 1.9.2025:<\/p>\n\n\n\n<p><strong>u\u010dite\u013e prv\u00e9ho stup\u0148a z\u00e1kladnej \u0161koly <\/strong>s&nbsp;predpokladan\u00fdm \u00fav\u00e4zkom 80%<strong><\/strong><\/p>\n\n\n\n<p><strong>vychov\u00e1vate\u013e v&nbsp;\u0161kolskom klube det\u00ed <\/strong>s&nbsp;predpokladan\u00fdm \u00fav\u00e4zkom 80%<\/p>\n\n\n\n<p><strong><em>Po\u017eadovan\u00e9 kvalifika\u010dn\u00e9 predpoklady a&nbsp;in\u00e9 po\u017eiadavky:<\/em><\/strong><\/p>\n\n\n\n<ul class=\"wp-block-list\">\n<li>Pr\u00edslu\u0161n\u00e9 vzdelanie v\u00a0s\u00falade s \u00a7 10 a \u00a7 11 z\u00e1kona<\/li>\n\n\n\n<li>Bez\u00fahonnos\u0165 v\u00a0s\u00falade s \u00a7 15 z\u00e1kona<\/li>\n\n\n\n<li>Zdravotn\u00e1 sp\u00f4sobilos\u0165 v\u00a0s\u00falade s \u00a7 16 z\u00e1kona<\/li>\n\n\n\n<li>Ovl\u00e1danie \u0161t\u00e1tneho jazyka slovom a\u00a0p\u00edsmom v\u00a0s\u00falade s \u00a7 17 z\u00e1kona<\/li>\n\n\n\n<li>Schopnos\u0165 vychov\u00e1va\u0165 v\u00a0kres\u0165anskom duchu<\/li>\n<\/ul>\n\n\n\n<p><strong><em>Zoznam po\u017eadovan\u00fdch dokladov:<\/em><\/strong><\/p>\n\n\n\n<ul class=\"wp-block-list\">\n<li>Prihl\u00e1\u0161ka do v\u00fdberov\u00e9ho konania<\/li>\n\n\n\n<li>K\u00f3pie dokladov o\u00a0vzdelan\u00ed (origin\u00e1l alebo overen\u00e1 k\u00f3pia vy\u017eadovan\u00e1 pri n\u00e1stupe)<\/li>\n\n\n\n<li>Profesijn\u00fd \u017eivotopis<\/li>\n\n\n\n<li>\u010cestn\u00e9 vyhl\u00e1senie o\u00a0bez\u00fahonnosti<\/li>\n\n\n\n<li>Doklad o\u00a0zdravotnej sp\u00f4sobilosti na v\u00fdkon pracovnej \u010dinnosti<\/li>\n\n\n\n<li>Potvrdenie o\u00a0prijat\u00ed sviatosti krstu alebo man\u017eelstva (krstn\u00fd, pr\u00edpadne sob\u00e1\u0161ny list)<\/li>\n\n\n\n<li>Odpor\u00fa\u010danie k\u0148aza<\/li>\n\n\n\n<li>P\u00edsomn\u00fd s\u00fahlas uch\u00e1dza\u010da s\u00a0pou\u017eit\u00edm osobn\u00fdch \u00fadajov na \u00fa\u010dely v\u00fdberov\u00e9ho konania<\/li>\n<\/ul>\n\n\n\n<p>Platov\u00e9 podmienky bud\u00fa ur\u010den\u00e9 v&nbsp;s\u00falade so z\u00e1konom \u010d. 553\/2003 Z. z. o odme\u0148ovan\u00ed niektor\u00fdch zamestnancov pri v\u00fdkone pr\u00e1ce vo verejnom z\u00e1ujme.<\/p>\n\n\n\n<p>Prihl\u00e1\u0161ky a&nbsp;po\u017eadovan\u00e9 doklady do v\u00fdberov\u00e9ho konania je potrebn\u00e9 zasla\u0165 doporu\u010denou po\u0161tou alebo prinies\u0165 osobne <strong>do 05. j\u00fana 2025 <\/strong>na adresu:<\/p>\n\n\n\n<p><strong>Spojen\u00e1 \u0161kola sv. Ko\u0161ick\u00fdch mu\u010den\u00edkov, \u010cord\u00e1kova 50, 040 23 Ko\u0161ice.<\/strong><\/p>\n\n\n\n<p>O&nbsp;term\u00edne v\u00fdberov\u00e9ho konania bud\u00fa uch\u00e1dza\u010di, ktor\u00ed sp\u013a\u0148aj\u00fa podmienky informovan\u00ed emailom alebo telefonicky.&nbsp;<\/p>\n\n\n\n<p>Ko\u0161ice 15. 05. 2025<\/p>\n\n\n\n<p>\u00a0\u00a0\u00a0\u00a0\u00a0\u00a0\u00a0\u00a0\u00a0\u00a0\u00a0\u00a0\u00a0\u00a0\u00a0\u00a0\u00a0\u00a0\u00a0\u00a0\u00a0\u00a0\u00a0\u00a0\u00a0\u00a0\u00a0\u00a0\u00a0\u00a0\u00a0\u00a0\u00a0\u00a0\u00a0\u00a0\u00a0\u00a0\u00a0\u00a0\u00a0\u00a0\u00a0\u00a0\u00a0\u00a0\u00a0\u00a0\u00a0\u00a0\u00a0\u00a0\u00a0\u00a0\u00a0\u00a0\u00a0\u00a0\u00a0\u00a0\u00a0\u00a0\u00a0\u00a0\u00a0\u00a0\u00a0\u00a0\u00a0\u00a0\u00a0\u00a0\u00a0\u00a0\u00a0\u00a0\u00a0\u00a0\u00a0\u00a0\u00a0\u00a0\u00a0\u00a0\u00a0\u00a0\u00a0\u00a0\u00a0\u00a0\u00a0\u00a0\u00a0\u00a0\u00a0\u00a0\u00a0\u00a0\u00a0\u00a0\u00a0RNDr. Milan Ko\u0161\u010do, PhD., MBA, LL.D.<\/p>\n\n\n\n<p>&nbsp;&nbsp;&nbsp;&nbsp;&nbsp;&nbsp;&nbsp;&nbsp;&nbsp;&nbsp;&nbsp;&nbsp;&nbsp;&nbsp;&nbsp;&nbsp;&nbsp;&nbsp;&nbsp;&nbsp;&nbsp;&nbsp;&nbsp;&nbsp;&nbsp;&nbsp;&nbsp;&nbsp;&nbsp;&nbsp;&nbsp;&nbsp;&nbsp;&nbsp;&nbsp;&nbsp;&nbsp;&nbsp;&nbsp;&nbsp;&nbsp;&nbsp;&nbsp;&nbsp;&nbsp;&nbsp;&nbsp;&nbsp;&nbsp;&nbsp;&nbsp;&nbsp;&nbsp;&nbsp;&nbsp;&nbsp;&nbsp;&nbsp;&nbsp;&nbsp;&nbsp;&nbsp;&nbsp;&nbsp;&nbsp;&nbsp;&nbsp;&nbsp;&nbsp;&nbsp;&nbsp;&nbsp;&nbsp;&nbsp;&nbsp;&nbsp;&nbsp;&nbsp;&nbsp;&nbsp;&nbsp;&nbsp;&nbsp;&nbsp;&nbsp;&nbsp;&nbsp;&nbsp;&nbsp;&nbsp;&nbsp;&nbsp;&nbsp;&nbsp;&nbsp;&nbsp;&nbsp;&nbsp;&nbsp;&nbsp;&nbsp;&nbsp;&nbsp;&nbsp;&nbsp;&nbsp;&nbsp;&nbsp;&nbsp;&nbsp;&nbsp;&nbsp;&nbsp;&nbsp;&nbsp;&nbsp;&nbsp; &nbsp;&nbsp;&nbsp;&nbsp;&nbsp;&nbsp; riadite\u013e \u0161koly<\/p>\n\n\n\n<p><\/p>\n\n\n\n<p>Dokument vo form\u00e1te pdf<\/p>\n\n\n\n<p><\/p>\n","protected":false},"excerpt":{"rendered":"<p>V&nbsp;s\u00falade s \u00a7 10 z\u00e1kona \u010d. 138\/2019 Z. z. o&nbsp;pedagogick\u00fdch zamestnancoch a&nbsp;odborn\u00fdch zamestnancoch (\u010falej len \u201ez\u00e1kon\u201c) a&nbsp;o&nbsp;zmene a&nbsp;doplnen\u00ed niektor\u00fdch z\u00e1konov, ktor\u00fdm sa ustanovuj\u00fa kvalifika\u010dn\u00e9 predpoklady pre jednotliv\u00e9 kateg\u00f3rie pedagogick\u00fdch zamestnancov a&nbsp;odborn\u00fdch zamestnancov a&nbsp;v&nbsp;s\u00falade s v s\u00falade s vyhl\u00e1\u0161kou \u010d. 173\/2023 &hellip; <\/p>\n","protected":false},"author":2,"featured_media":17311,"comment_status":"closed","ping_status":"closed","sticky":false,"template":"","format":"standard","meta":{"_acf_changed":false,"footnotes":""},"categories":[39],"tags":[],"class_list":["post-17875","post","type-post","status-publish","format-standard","has-post-thumbnail","hentry","category-oznamy"],"acf":[],"_links":{"self":[{"href":"https:\/\/gkmke.sk\/zs\/wp-json\/wp\/v2\/posts\/17875","targetHints":{"allow":["GET"]}}],"collection":[{"href":"https:\/\/gkmke.sk\/zs\/wp-json\/wp\/v2\/posts"}],"about":[{"href":"https:\/\/gkmke.sk\/zs\/wp-json\/wp\/v2\/types\/post"}],"author":[{"embeddable":true,"href":"https:\/\/gkmke.sk\/zs\/wp-json\/wp\/v2\/users\/2"}],"replies":[{"embeddable":true,"href":"https:\/\/gkmke.sk\/zs\/wp-json\/wp\/v2\/comments?post=17875"}],"version-history":[{"count":1,"href":"https:\/\/gkmke.sk\/zs\/wp-json\/wp\/v2\/posts\/17875\/revisions"}],"predecessor-version":[{"id":17876,"href":"https:\/\/gkmke.sk\/zs\/wp-json\/wp\/v2\/posts\/17875\/revisions\/17876"}],"wp:featuredmedia":[{"embeddable":true,"href":"https:\/\/gkmke.sk\/zs\/wp-json\/wp\/v2\/media\/17311"}],"wp:attachment":[{"href":"https:\/\/gkmke.sk\/zs\/wp-json\/wp\/v2\/media?parent=17875"}],"wp:term":[{"taxonomy":"category","embeddable":true,"href":"https:\/\/gkmke.sk\/zs\/wp-json\/wp\/v2\/categories?post=17875"},{"taxonomy":"post_tag","embeddable":true,"href":"https:\/\/gkmke.sk\/zs\/wp-json\/wp\/v2\/tags?post=17875"}],"curies":[{"name":"wp","href":"https:\/\/api.w.org\/{rel}","templated":true}]}}