{"id":18146,"date":"2025-05-31T15:27:25","date_gmt":"2025-05-31T13:27:25","guid":{"rendered":"https:\/\/gkmke.sk\/zs\/?p=18146"},"modified":"2025-05-31T15:28:12","modified_gmt":"2025-05-31T13:28:12","slug":"voda-je-zivot","status":"publish","type":"post","link":"https:\/\/gkmke.sk\/zs\/voda-je-zivot\/","title":{"rendered":"Voda je \u017eivot"},"content":{"rendered":"\t\t<div data-elementor-type=\"wp-post\" data-elementor-id=\"18146\" class=\"elementor elementor-18146\">\n\t\t\t\t<div class=\"elementor-element elementor-element-5efd082b e-flex e-con-boxed e-con e-parent\" data-id=\"5efd082b\" data-element_type=\"container\" data-e-type=\"container\">\n\t\t\t\t\t<div class=\"e-con-inner\">\n\t\t\t\t<div class=\"elementor-element elementor-element-7d1a91d2 elementor-widget elementor-widget-text-editor\" data-id=\"7d1a91d2\" data-element_type=\"widget\" data-e-type=\"widget\" data-widget_type=\"text-editor.default\">\n\t\t\t\t<div class=\"elementor-widget-container\">\n\t\t\t\t\t\t\t\t\t\n<p>Na\u0161i \u0161ikovn\u00ed \u017eiaci zo <strong>7.A<\/strong> si v piatok 30.5.2025 osobne prevzali z r\u00fak p. riadite\u013ea VVS Ko\u0161ice odmeny za v\u00fdhru v s\u00fa\u0165a\u017ei Vodovodn\u00e1 &#8211; voda \u017eiv\u00e1. V kateg\u00f3rii <strong>Z\u0160 2.stup\u0148a<\/strong> sa medzi v\u0161etk\u00fdmi zapojen\u00fdmi \u0161kolami z v\u00fdchodn\u00e9ho Slovenska umiestnili na<strong> 3.mieste.<\/strong> \u010eakujeme sa kr\u00e1sne ceny, ktor\u00e9 n\u00e1s prekvapili a urobili ve\u013ek\u00fa rados\u0165. Radi sa s nov\u00fdmi n\u00e1padmi zapoj\u00edme aj o rok \ud83d\ude42\u00a0<\/p>\n<p><img fetchpriority=\"high\" decoding=\"async\" class=\"alignnone size-full wp-image-18147\" src=\"https:\/\/gkmke.sk\/zs\/wp-content\/uploads\/sites\/3\/2025\/05\/20250530_084106.jpg\" alt=\"\" width=\"1728\" height=\"1125\" srcset=\"https:\/\/gkmke.sk\/zs\/wp-content\/uploads\/sites\/3\/2025\/05\/20250530_084106.jpg 1600w, https:\/\/gkmke.sk\/zs\/wp-content\/uploads\/sites\/3\/2025\/05\/20250530_084106-80x52.jpg 80w, https:\/\/gkmke.sk\/zs\/wp-content\/uploads\/sites\/3\/2025\/05\/20250530_084106-600x391.jpg 600w\" sizes=\"(max-width: 1728px) 100vw, 1728px\" \/><\/p>\n\t\t\t\t\t\t\t\t<\/div>\n\t\t\t\t<\/div>\n\t\t\t\t\t<\/div>\n\t\t\t\t<\/div>\n\t\t\t\t<\/div>\n\t\t","protected":false},"excerpt":{"rendered":"<p>Na\u0161i \u0161ikovn\u00ed \u017eiaci zo 7.A si v piatok 30.5.2025 osobne prevzali z r\u00fak p. riadite\u013ea VVS Ko\u0161ice odmeny za v\u00fdhru v s\u00fa\u0165a\u017ei Vodovodn\u00e1 &#8211; voda \u017eiv\u00e1. V kateg\u00f3rii Z\u0160 2.stup\u0148a sa medzi v\u0161etk\u00fdmi zapojen\u00fdmi \u0161kolami z v\u00fdchodn\u00e9ho Slovenska umiestnili na &hellip; <\/p>\n","protected":false},"author":3,"featured_media":18147,"comment_status":"closed","ping_status":"closed","sticky":false,"template":"","format":"standard","meta":{"_acf_changed":false,"footnotes":""},"categories":[40],"tags":[],"class_list":["post-18146","post","type-post","status-publish","format-standard","has-post-thumbnail","hentry","category-reportaze"],"acf":[],"_links":{"self":[{"href":"https:\/\/gkmke.sk\/zs\/wp-json\/wp\/v2\/posts\/18146","targetHints":{"allow":["GET"]}}],"collection":[{"href":"https:\/\/gkmke.sk\/zs\/wp-json\/wp\/v2\/posts"}],"about":[{"href":"https:\/\/gkmke.sk\/zs\/wp-json\/wp\/v2\/types\/post"}],"author":[{"embeddable":true,"href":"https:\/\/gkmke.sk\/zs\/wp-json\/wp\/v2\/users\/3"}],"replies":[{"embeddable":true,"href":"https:\/\/gkmke.sk\/zs\/wp-json\/wp\/v2\/comments?post=18146"}],"version-history":[{"count":1,"href":"https:\/\/gkmke.sk\/zs\/wp-json\/wp\/v2\/posts\/18146\/revisions"}],"predecessor-version":[{"id":18151,"href":"https:\/\/gkmke.sk\/zs\/wp-json\/wp\/v2\/posts\/18146\/revisions\/18151"}],"wp:featuredmedia":[{"embeddable":true,"href":"https:\/\/gkmke.sk\/zs\/wp-json\/wp\/v2\/media\/18147"}],"wp:attachment":[{"href":"https:\/\/gkmke.sk\/zs\/wp-json\/wp\/v2\/media?parent=18146"}],"wp:term":[{"taxonomy":"category","embeddable":true,"href":"https:\/\/gkmke.sk\/zs\/wp-json\/wp\/v2\/categories?post=18146"},{"taxonomy":"post_tag","embeddable":true,"href":"https:\/\/gkmke.sk\/zs\/wp-json\/wp\/v2\/tags?post=18146"}],"curies":[{"name":"wp","href":"https:\/\/api.w.org\/{rel}","templated":true}]}}