{"id":18283,"date":"2025-06-07T22:49:21","date_gmt":"2025-06-07T20:49:21","guid":{"rendered":"https:\/\/gkmke.sk\/zs\/?p=18283"},"modified":"2025-06-09T09:06:36","modified_gmt":"2025-06-09T07:06:36","slug":"blue-smog-v-pbl-vyzve-spolocne-menime-svet-2025","status":"publish","type":"post","link":"https:\/\/gkmke.sk\/zs\/blue-smog-v-pbl-vyzve-spolocne-menime-svet-2025\/","title":{"rendered":"Blue Smog v PBL v\u00fdzve: Spolo\u010dne men\u00edme svet 2025"},"content":{"rendered":"\t\t<div data-elementor-type=\"wp-post\" data-elementor-id=\"18283\" class=\"elementor elementor-18283\">\n\t\t\t\t<div class=\"elementor-element elementor-element-2e0f0550 e-flex e-con-boxed e-con e-parent\" data-id=\"2e0f0550\" data-element_type=\"container\" data-e-type=\"container\">\n\t\t\t\t\t<div class=\"e-con-inner\">\n\t\t\t\t<div class=\"elementor-element elementor-element-19fd831f elementor-widget elementor-widget-text-editor\" data-id=\"19fd831f\" data-element_type=\"widget\" data-e-type=\"widget\" data-widget_type=\"text-editor.default\">\n\t\t\t\t<div class=\"elementor-widget-container\">\n\t\t\t\t\t\t\t\t\t<p>Blue Smog \u00faspe\u0161ne dorazil do Bratislavy. Hne\u010f na za\u010diatku sme zabudli vo vlaku na\u0161e transparenty, ale skon\u010dilo to dobre. M\u00e1me ich! Po studenom m\u00e1ji sme sa vz\u00e1p\u00e4t\u00ed kvalitne vyhriali v neklimatizovanej bratislavskej MHD, ktor\u00e1 n\u00e1s viezla kdesi za mesto, medzi rodinn\u00e9 domy. A tu, tak\u00ed napoly upe\u010den\u00ed, sme sa op\u00fdtali na cestu jednej milej a sympatickej d\u00e1my v modrom (dobr\u00e9 znamenie pre Blue Smog). Viete, kto je na na\u0161ej prvej fotografii z hlavn\u00e9ho mesta?\u00a0\u00a0<\/p>\n<p><img fetchpriority=\"high\" decoding=\"async\" class=\"alignnone size-full wp-image-18286\" src=\"https:\/\/gkmke.sk\/zs\/wp-content\/uploads\/sites\/3\/2025\/06\/20250604_141352.jpg\" alt=\"\" width=\"2000\" height=\"1125\" \/><\/p>\n<p>Pani Eva \u010cern\u00e1 je b\u00fdval\u00e1 slovensk\u00e1 moder\u00e1torka, b\u00fdval\u00e1 politi\u010dka a v rokoch 2007 &#8211; 2018 aj bankov\u00e1 ombudsmanka. V kratu\u010dkom rozhovore n\u00e1m za\u017eelala, aby sme boli k sebe navz\u00e1jom mil\u00ed a uvedomovali si vn\u00fatorn\u00fa kr\u00e1su dobra, ktor\u00e9 v sebe nos\u00edme a d\u00e1vali to najavo v komunik\u00e1cii s in\u00fdmi \ud83d\ude42<\/p>\n<p>Na ubytovni s pr\u00edzna\u010dn\u00fdm n\u00e1zvom Siesta, sme si zlo\u017eili kufre, zalo\u017eili slne\u010dn\u00e9 okuliare, \u0161iltovky a vybrali sa &#8230; na Titanic. Neklimatizovan\u00e1 bratislavsk\u00e1 MHD n\u00e1s vyklopila pred obrovskou budovou, v ktorej \u00fatrob\u00e1ch sa ukr\u00fdvala t\u00e1 nesl\u00e1vne\u00a0 sl\u00e1vna lo\u010f. Teda, takmer. Ale p\u00f4sobiv\u00e1 prehliadka ovl\u00e1dla v\u0161etky na\u0161e zmysly. Ochutn\u00e1vka jed\u00e1l tam s\u00edce nebola, ale z jed\u00e1lneho l\u00edstka\u00a0 &#8211; dokonca v 3.triede &#8211; by si mohla zobra\u0165 in\u0161pir\u00e1ciu aj na\u0161a \u0161kolsk\u00e1 jed\u00e1le\u0148 \ud83d\ude42\u00a0<\/p>\n<p><img decoding=\"async\" class=\"alignnone size-full wp-image-18293\" src=\"https:\/\/gkmke.sk\/zs\/wp-content\/uploads\/sites\/3\/2025\/06\/20250604_173544.jpg\" alt=\"\" width=\"2000\" height=\"1125\" \/><\/p>\n<p>Dobrodru\u017estvom bolo dosta\u0165 potom do vysn\u00edvan\u00e9ho n\u00e1kupn\u00e9ho centra, ktor\u00e9 sme videli za cestou, ale chodn\u00edk odtia\u013e neviedol a autobus chodil raz za hodinu (samozrejme, odi\u0161iel tesne pred na\u0161\u00edm pr\u00edchodom) Kri\u017eova\u0165 \u0161tvorpr\u00fadovku nebol dobr\u00fd n\u00e1pad, e\u0161te \u017ee autobusov\u00e1 zast\u00e1vka poskytovala tie\u0148. Autobusu sme sa do\u010dkali, n\u00e1kupn\u00e9ho centra tie\u017e a potom r\u00fdchlo &#8222;domov&#8220;, ke\u010f\u017ee n\u00e1s \u010dakal &#8222;\u0165a\u017ek\u00fd de\u0148&#8220;.\u00a0<\/p>\n<p><!-- \/wp:paragraph --><!-- wp:paragraph --><\/p>\n<p>Ten sa niesol v znamen\u00ed mierneho stresu. Autobus sme s\u00edce r\u00e1no stihli, aj v kompletnom po\u010dte t\u00edmu i &#8222;fan\u00fa\u0161ikov&#8220;, ale op\u00e4\u0165 sme nie\u010do zabudli na ubytovni (sprievodn\u00fd text k prezent\u00e1cii). Z\u00e1chrann\u00e9 koleso z Titanicu le\u017ealo na dne oce\u00e1na ale d\u00e1ta v mobile boli, tak\u017ee rie\u0161en\u00edm bol OneDrive. \u010eal\u0161\u00edm &#8222;bonusom&#8220; bol n\u00e1zov n\u00e1\u0161ho t\u00edmu, ktor\u00fd n\u00e1s dostal na 1.miesto v abecednom porad\u00ed prezentuj\u00facich.<\/p>\n<p><img decoding=\"async\" class=\"alignnone size-full wp-image-18295\" src=\"https:\/\/gkmke.sk\/zs\/wp-content\/uploads\/sites\/3\/2025\/06\/Messenger_creation_9F4159F2-A721-4493-BD67-D2281B901188-1.jpeg\" alt=\"\" width=\"1024\" height=\"768\" \/><\/p>\n<p>Stres tak r\u00fdchlo opadol a po na\u0161om odprezentovan\u00ed sme si u\u017e &#8222;u\u017e\u00edvali&#8220; pohodlie tvrd\u00fdch skl\u00e1pac\u00edch seda\u010diek v aule FEI v Sl\u00e1vi\u010dom \u00fadol\u00ed pri vyst\u00fapen\u00ed \u010fal\u0161\u00edch 9 t\u00edmov. Zauj\u00edmavou bola aj predn\u00e1\u0161ka &#8222;ved\u00e1tora&#8220; Samuela Kov\u00e1\u010dika. Vedeli ste, \u017ee &#8222;\u010das plynie&#8220; na\u0161ej hlave r\u00fdchlej\u0161ie ako na\u0161im noh\u00e1m? Alebo, \u017ee raz si dvaja &#8222;ved\u00e1tori&#8220; zobrali na palubu osobn\u00e9ho lietadla at\u00f3mov\u00e9 hodiny, aby dok\u00e1zali, \u017ee \u010das na zemi &#8222;be\u017e\u00ed&#8220; r\u00fdchlej\u0161ie ako hore? Norm\u00e1lne t\u00fdm hodin\u00e1m &#8222;k\u00fapili letenku&#8220; a &#8222;posadili ich&#8220; na sedadlo (sn\u00e1\u010f ich aspo\u0148 prip\u00fatali \ud83d\ude09 ). Ak by ste chceli vysvetlenie, tak si pozrite toto kr\u00e1tke <a href=\"https:\/\/youtube.com\/shorts\/CffB140ucYI?si=Zz_oKyXB-1wcwJUE\" target=\"_blank\" rel=\"noopener\">video<\/a>. Chutn\u00e1 bageta k obedu a prehliadka laborat\u00f3ria robotiky v pr\u00edjemn\u00fdch chladn\u00fdch podzemn\u00fdch priestoroch fakulty predch\u00e1dzali vyhl\u00e1seniu v\u00ed\u0165azov. S\u00edce sme medzi nimi tento rok neboli ale na svoj projekt a prezent\u00e1ciu sme hrd\u00ed! Poobedie patrilo potulk\u00e1m po hor\u00facej starej Bratislave, zmrzline ale i pr\u00edjemn\u00e9mu posedeniu pod chl\u00e1dkom stromov pri Dunaji.<\/p>\n<p><img loading=\"lazy\" decoding=\"async\" class=\"alignnone size-full wp-image-18294\" src=\"https:\/\/gkmke.sk\/zs\/wp-content\/uploads\/sites\/3\/2025\/06\/20250605_142403-1.jpg\" alt=\"\" width=\"2000\" height=\"1125\" \/><\/p>\n<p><img loading=\"lazy\" decoding=\"async\" class=\"alignnone size-full wp-image-18296\" src=\"https:\/\/gkmke.sk\/zs\/wp-content\/uploads\/sites\/3\/2025\/06\/20250605_154751.jpg\" alt=\"\" width=\"2000\" height=\"1125\" \/><\/p>\n<p><img loading=\"lazy\" decoding=\"async\" class=\"alignnone size-full wp-image-18297\" src=\"https:\/\/gkmke.sk\/zs\/wp-content\/uploads\/sites\/3\/2025\/06\/20250605_145128.jpg\" alt=\"\" width=\"1125\" height=\"2000\" \/><\/p>\n<p>Zmoren\u00ed hor\u00facim d\u0148om i z\u00e1\u017eitkami sme padli do postele a \u010dakal n\u00e1s posledn\u00fd de\u0148. Klimatizovan\u00fd vlak poskytol pohodlie a po nieko\u013ek\u00fdch hodin\u00e1ch sme u\u017e mohli pote\u0161i\u0165 svoj zrak poh\u013eadom po ko\u0161ickej \u017eelezni\u010dnej stanici, ktor\u00fa n\u00e1m Bratislav\u010dania m\u00f4\u017eu z\u00e1vidie\u0165. \u010eakujeme skvel\u00e9mu t\u00edmu Blue Smog za v\u00fdborn\u00fa reprezent\u00e1ciu na\u0161ej \u0161koly, n\u00e1\u0161ho s\u00eddliska i n\u00e1\u0161ho mesta. Za nieko\u013ekomesa\u010dn\u00fa pr\u00e1cu na projekte, ktor\u00fd neskon\u010dil touto s\u00fa\u0165a\u017eou ale pokra\u010duje v realiz\u00e1cii, si zasl\u00fa\u017eia ve\u013ek\u00fd obdiv a pochvalu. Ver\u00edm, \u017ee tento skvel\u00fd n\u00e1pad \u00f4smakov sa podar\u00ed uskuto\u010dni\u0165 v doh\u013eadnej dobe a prinesie prospech nielen na\u0161ej \u0161kole ale i bl\u00edzkej komunite obyvate\u013eov s\u00eddliska.\u00a0\u00a0<\/p>\n<p><img loading=\"lazy\" decoding=\"async\" class=\"alignnone size-full wp-image-18298\" src=\"https:\/\/gkmke.sk\/zs\/wp-content\/uploads\/sites\/3\/2025\/06\/vizualizacia.png\" alt=\"\" width=\"960\" height=\"540\" \/><\/p>\n<p><!-- \/wp:paragraph --><\/p>\t\t\t\t\t\t\t\t<\/div>\n\t\t\t\t<\/div>\n\t\t\t\t\t<\/div>\n\t\t\t\t<\/div>\n\t\t\t\t<\/div>\n\t\t","protected":false},"excerpt":{"rendered":"<p>Blue Smog \u00faspe\u0161ne dorazil do Bratislavy. Hne\u010f na za\u010diatku sme zabudli vo vlaku na\u0161e transparenty, ale skon\u010dilo to dobre. M\u00e1me ich! Po studenom m\u00e1ji sme sa vz\u00e1p\u00e4t\u00ed kvalitne vyhriali v neklimatizovanej bratislavskej MHD, ktor\u00e1 n\u00e1s viezla kdesi za mesto, medzi &hellip; <\/p>\n","protected":false},"author":3,"featured_media":18281,"comment_status":"closed","ping_status":"closed","sticky":false,"template":"","format":"standard","meta":{"_acf_changed":false,"footnotes":""},"categories":[48,40,52],"tags":[],"class_list":["post-18283","post","type-post","status-publish","format-standard","has-post-thumbnail","hentry","category-pbl","category-reportaze","category-uspechy"],"acf":[],"_links":{"self":[{"href":"https:\/\/gkmke.sk\/zs\/wp-json\/wp\/v2\/posts\/18283","targetHints":{"allow":["GET"]}}],"collection":[{"href":"https:\/\/gkmke.sk\/zs\/wp-json\/wp\/v2\/posts"}],"about":[{"href":"https:\/\/gkmke.sk\/zs\/wp-json\/wp\/v2\/types\/post"}],"author":[{"embeddable":true,"href":"https:\/\/gkmke.sk\/zs\/wp-json\/wp\/v2\/users\/3"}],"replies":[{"embeddable":true,"href":"https:\/\/gkmke.sk\/zs\/wp-json\/wp\/v2\/comments?post=18283"}],"version-history":[{"count":1,"href":"https:\/\/gkmke.sk\/zs\/wp-json\/wp\/v2\/posts\/18283\/revisions"}],"predecessor-version":[{"id":18319,"href":"https:\/\/gkmke.sk\/zs\/wp-json\/wp\/v2\/posts\/18283\/revisions\/18319"}],"wp:featuredmedia":[{"embeddable":true,"href":"https:\/\/gkmke.sk\/zs\/wp-json\/wp\/v2\/media\/18281"}],"wp:attachment":[{"href":"https:\/\/gkmke.sk\/zs\/wp-json\/wp\/v2\/media?parent=18283"}],"wp:term":[{"taxonomy":"category","embeddable":true,"href":"https:\/\/gkmke.sk\/zs\/wp-json\/wp\/v2\/categories?post=18283"},{"taxonomy":"post_tag","embeddable":true,"href":"https:\/\/gkmke.sk\/zs\/wp-json\/wp\/v2\/tags?post=18283"}],"curies":[{"name":"wp","href":"https:\/\/api.w.org\/{rel}","templated":true}]}}