{"id":18340,"date":"2025-06-10T12:02:13","date_gmt":"2025-06-10T10:02:13","guid":{"rendered":"https:\/\/gkmke.sk\/zs\/?p=18340"},"modified":"2025-06-27T11:58:38","modified_gmt":"2025-06-27T09:58:38","slug":"zerowaste-aj-pre-lepsiu-buducnost-zeme","status":"publish","type":"post","link":"https:\/\/gkmke.sk\/zs\/zerowaste-aj-pre-lepsiu-buducnost-zeme\/","title":{"rendered":"ZeroWaste aj Pre lep\u0161iu bud\u00facnos\u0165 Zeme"},"content":{"rendered":"\t\t<div data-elementor-type=\"wp-post\" data-elementor-id=\"18340\" class=\"elementor elementor-18340\">\n\t\t\t\t<div class=\"elementor-element elementor-element-2418096 e-flex e-con-boxed e-con e-parent\" data-id=\"2418096\" data-element_type=\"container\" data-e-type=\"container\">\n\t\t\t\t\t<div class=\"e-con-inner\">\n\t\t\t\t<div class=\"elementor-element elementor-element-68d1b57d elementor-widget elementor-widget-text-editor\" data-id=\"68d1b57d\" data-element_type=\"widget\" data-e-type=\"widget\" data-widget_type=\"text-editor.default\">\n\t\t\t\t<div class=\"elementor-widget-container\">\n\t\t\t\t\t\t\t\t\t\n<p>\u017diaci zo 7.A a 9.B sa tento rok \u00faspe\u0161ne zapojili do s\u00fa\u0165a\u017ee <strong>Pre lep\u0161iu bud\u00facnos\u0165 Zeme 4.\u00a0 <\/strong>In\u0161pirat\u00edvne video, v ktorom predstavili <strong>v\u00fdrobu kniholavi\u010dky z vyraden\u00fdch pol\u00edc po\u010d\u00edta\u010dov\u00fdch stolov <\/strong>zaujalo porotu nato\u013eko, \u017ee sa stali <strong>jednou z piatich v\u00ed\u0165azn\u00fdch \u0161k\u00f4l na Slovensku<\/strong>.<\/p>\n<p>Tu je to video:\u00a0<a title=\"RECYKLUJ\" href=\"https:\/\/www.youtube.com\/watch?v=kSH2NBssTMg\" target=\"_blank\" rel=\"noopener\">RECYKLUJ<\/a><\/p>\n\n<h3 class=\"wp-block-heading\">V\u00fdhra? Interakt\u00edvny workshop so ZeroWasterkou Dankou Moderdovskou!<\/h3>\n\n<p>Workshopu sa z\u00fa\u010dastnilo <strong>30 \u017eiakov<\/strong>, ktor\u00ed sa dozvedeli:<\/p>\n\n<ul class=\"wp-block-list\">\n<li>\u010do znamen\u00e1 filozofia <strong>Zero Waste (ZW)<\/strong>,<\/li>\n\n<li>ako ju mo\u017eno <strong>uplatni\u0165 aj v panel\u00e1kov\u00fdch podmienkach<\/strong>,<\/li>\n\n<li>pre\u010do je d\u00f4le\u017eit\u00e9 myslie\u0165 udr\u017eate\u013ene v ka\u017edodennom \u017eivote.<\/li>\n<\/ul>\n\n<h3 class=\"wp-block-heading\">5 pilierov ZeroWaste v praxi<\/h3>\n\n<p>Predn\u00e1\u0161ka plynulo pre\u0161la do praktickej \u010dasti \u2013 skupinov\u00fdch aktiv\u00edt. \u017diaci pracovali s <strong>5 piliermi Zero Waste<\/strong>:<\/p>\n\n<ul class=\"wp-block-list\">\n<li>Odmietni<\/li>\n\n<li>Redukuj<\/li>\n\n<li>Znovu pou\u017ei<\/li>\n\n<li>Recykluj<\/li>\n\n<li>Kompostuj<\/li>\n<\/ul>\n\n<p>Ka\u017ed\u00fd t\u00edm mal za \u00falohu <strong>predstavi\u0165 svoj pilier ostatn\u00fdm<\/strong>, vysvetli\u0165 jeho v\u00fdhody a presved\u010di\u0165 publikum, pre\u010do je pr\u00e1ve ten ich najd\u00f4le\u017eitej\u0161\u00ed. Viacer\u00ed <strong>siedmaci a deviataci<\/strong> p\u00f4sobili pri prezent\u00e1ci\u00e1ch <strong>ve\u013emi prirodzene<\/strong>, ich prejavy boli <strong>sebavedom\u00e9 a vecn\u00e9<\/strong>.<\/p>\n<p>\u00a0<\/p>\n\n<h3 class=\"wp-block-heading\"><img fetchpriority=\"high\" decoding=\"async\" class=\"alignnone size-full wp-image-18345\" src=\"https:\/\/gkmke.sk\/zs\/wp-content\/uploads\/sites\/3\/2025\/06\/20250610_090443.jpg\" alt=\"\" width=\"1125\" height=\"2000\" \/><\/h3>\n<h3><img decoding=\"async\" class=\"alignnone size-full wp-image-18346\" src=\"https:\/\/gkmke.sk\/zs\/wp-content\/uploads\/sites\/3\/2025\/06\/20250610_085816.jpg\" alt=\"\" width=\"1125\" height=\"2000\" \/><\/h3>\n<p>Najv\u00e4\u010d\u0161\u00ed potlesk zo\u017eala skupina <strong>REDUKUJ<\/strong>, kde z r\u00fak chlapcov vy\u0161lo ekologick\u00e9, vo\u0148av\u00e9 a esteticky zauj\u00edmav\u00e9 prevedenie pr\u00edrodn\u00e9ho peelingu. V\u00f4\u0148a levandule sa niesla chodbami e\u0161te dlho po skon\u010den\u00ed workshopu \ud83d\ude42\u00a0<\/p>\n<h3 class=\"wp-block-heading\">Simulovan\u00e1 debata: M\u00e1 vznikn\u00fa\u0165 nov\u00e9 ZEVO?<\/h3>\n\n<p>Najzauj\u00edmavej\u0161ou \u010das\u0165ou workshopu bola ur\u010dite simul\u00e1cia skuto\u010dnej debaty. \u017diaci sa v\u017eili do rol\u00ed dospel\u00fdch \u2013 <strong>obyvate\u013eov, politikov aj odborn\u00edkov, <\/strong>aby spolo\u010dne diskutovali o tom, <strong>\u010di m\u00e1 na Slovensku (a mo\u017eno aj v na\u0161om meste) vznikn\u00fa\u0165 nov\u00e9 ZEVO \u2013 zariadenie na energetick\u00e9 vyu\u017eitie odpadu<\/strong>.<\/p>\n\n<p>Ich \u00falohou bolo:<\/p>\n\n<ul class=\"wp-block-list\">\n<li>obh\u00e1ji\u0165 vlastn\u00e9 postoje,<\/li>\n\n<li><strong>argumentova\u0165 za alebo proti<\/strong> n\u00e1vrhu,<\/li>\n\n<li><strong>n\u00e1js\u0165 spolo\u010dn\u00fd kompromis<\/strong>.<\/li>\n<\/ul>\n\n<h3 class=\"wp-block-heading\">Z\u00e1\u017eitok, ktor\u00fd zanechal stopu<\/h3>\n\n<p>Workshop bol nielen <strong>odmenou za tvorivos\u0165 a snahu<\/strong>, ale aj skvelou pr\u00edle\u017eitos\u0165ou uk\u00e1za\u0165, \u017ee t\u00e9my ekol\u00f3gie a udr\u017eate\u013enosti <strong>dok\u00e1\u017eu oslovi\u0165 aj mlad\u00fa gener\u00e1ciu<\/strong> \u2013 a \u017ee pr\u00e1ve oni m\u00f4\u017eu by\u0165 nosite\u013emi zmien.<\/p>\n<p>\u00a0<\/p>\n\n<p>\u010eakujeme<strong> Zero Wasterke Danke Moderdovskej <\/strong>a t\u00edmu z<strong> Eduvision <\/strong>za dopoludnie pln\u00e9 in\u0161pir\u00e1ci\u00ed a nov\u00fdch poznatkov!<br \/><br \/><\/p>\n\t\t\t\t\t\t\t\t<\/div>\n\t\t\t\t<\/div>\n\t\t\t\t\t<\/div>\n\t\t\t\t<\/div>\n\t\t\t\t<\/div>\n\t\t","protected":false},"excerpt":{"rendered":"<p>\u017diaci zo 7.A a 9.B sa tento rok \u00faspe\u0161ne zapojili do s\u00fa\u0165a\u017ee Pre lep\u0161iu bud\u00facnos\u0165 Zeme 4.\u00a0 In\u0161pirat\u00edvne video, v ktorom predstavili v\u00fdrobu kniholavi\u010dky z vyraden\u00fdch pol\u00edc po\u010d\u00edta\u010dov\u00fdch stolov zaujalo porotu nato\u013eko, \u017ee sa stali jednou z piatich v\u00ed\u0165azn\u00fdch \u0161k\u00f4l &hellip; <\/p>\n","protected":false},"author":3,"featured_media":18341,"comment_status":"closed","ping_status":"closed","sticky":false,"template":"","format":"standard","meta":{"_acf_changed":false,"footnotes":""},"categories":[40],"tags":[],"class_list":["post-18340","post","type-post","status-publish","format-standard","has-post-thumbnail","hentry","category-reportaze"],"acf":[],"_links":{"self":[{"href":"https:\/\/gkmke.sk\/zs\/wp-json\/wp\/v2\/posts\/18340","targetHints":{"allow":["GET"]}}],"collection":[{"href":"https:\/\/gkmke.sk\/zs\/wp-json\/wp\/v2\/posts"}],"about":[{"href":"https:\/\/gkmke.sk\/zs\/wp-json\/wp\/v2\/types\/post"}],"author":[{"embeddable":true,"href":"https:\/\/gkmke.sk\/zs\/wp-json\/wp\/v2\/users\/3"}],"replies":[{"embeddable":true,"href":"https:\/\/gkmke.sk\/zs\/wp-json\/wp\/v2\/comments?post=18340"}],"version-history":[{"count":1,"href":"https:\/\/gkmke.sk\/zs\/wp-json\/wp\/v2\/posts\/18340\/revisions"}],"predecessor-version":[{"id":18502,"href":"https:\/\/gkmke.sk\/zs\/wp-json\/wp\/v2\/posts\/18340\/revisions\/18502"}],"wp:featuredmedia":[{"embeddable":true,"href":"https:\/\/gkmke.sk\/zs\/wp-json\/wp\/v2\/media\/18341"}],"wp:attachment":[{"href":"https:\/\/gkmke.sk\/zs\/wp-json\/wp\/v2\/media?parent=18340"}],"wp:term":[{"taxonomy":"category","embeddable":true,"href":"https:\/\/gkmke.sk\/zs\/wp-json\/wp\/v2\/categories?post=18340"},{"taxonomy":"post_tag","embeddable":true,"href":"https:\/\/gkmke.sk\/zs\/wp-json\/wp\/v2\/tags?post=18340"}],"curies":[{"name":"wp","href":"https:\/\/api.w.org\/{rel}","templated":true}]}}