{"id":18439,"date":"2025-06-18T22:35:39","date_gmt":"2025-06-18T20:35:39","guid":{"rendered":"https:\/\/gkmke.sk\/zs\/?p=18439"},"modified":"2025-06-18T22:35:40","modified_gmt":"2025-06-18T20:35:40","slug":"5-piknik-v-skd","status":"publish","type":"post","link":"https:\/\/gkmke.sk\/zs\/5-piknik-v-skd\/","title":{"rendered":"5. Piknik v \u0160KD"},"content":{"rendered":"\n<p>Z\u00e1ver \u0161kolsk\u00e9ho roka sme sa v \u0161kolskom klube det\u00ed rozhodli osl\u00e1vi\u0165 inak \u2013 piknikom pln\u00fdm radosti, smiechu a pohody. \u010cas str\u00e1ven\u00fd vonku sa zmenil na nezabudnute\u013en\u00fd z\u00e1\u017eitok, ktor\u00fd spojil deti v spolo\u010dn\u00fdch hr\u00e1ch, s\u00fa\u0165a\u017eiach a oddychu. Na\u0161e piknikov\u00e9 popoludnie bolo viac ne\u017e len chv\u00ed\u013ekou na deke. Deti sa akt\u00edvne zap\u00e1jali do pripraven\u00fdch s\u00fa\u0165a\u017e\u00ed, prehlbovali svoje kamar\u00e1tstva a u\u017e\u00edvali si pocit vo\u013enosti po mesiacoch usilovnej pr\u00e1ce. Nech\u00fdbal smiech, rados\u0165 a prav\u00e1 letn\u00e1 atmosf\u00e9ra. Ka\u017ed\u00fd mal\u00fd \u00fa\u010dastn\u00edk si za svoju aktivitu a nad\u0161enie odniesol bublifuk ako mal\u00fd dar\u010dek, ktor\u00fd okam\u017eite roz\u017eiaril cel\u00e9 okolie d\u00fahov\u00fdmi bublinami. Na z\u00e1ver n\u00e1s v\u0161etk\u00fdch osvie\u017eila zasl\u00fa\u017een\u00e1 zmrzlina. <br>Aj ke\u010f n\u00e1s tla\u010dil \u010das, to, \u010do sme za\u017eili, malo ve\u013ek\u00fa hodnotu \u2013 spolo\u010dn\u00fa rados\u0165, posilnen\u00e9 priate\u013estv\u00e1 a kr\u00e1sne spomienky. \u010eakujeme v\u0161etk\u00fdm de\u0165om za kr\u00e1sny de\u0148!<\/p>\n\n\n\n<p>fotogal\u00e9ria: <a href=\"https:\/\/eu.zonerama.com\/zskmke\/Album\/13436860\" target=\"_blank\" rel=\"noopener\">https:\/\/eu.zonerama.com\/zskmke\/Album\/13436860<\/a><\/p>\n\n\n\n<p><\/p>\n","protected":false},"excerpt":{"rendered":"<p>Z\u00e1ver \u0161kolsk\u00e9ho roka sme sa v \u0161kolskom klube det\u00ed rozhodli osl\u00e1vi\u0165 inak \u2013 piknikom pln\u00fdm radosti, smiechu a pohody. \u010cas str\u00e1ven\u00fd vonku sa zmenil na nezabudnute\u013en\u00fd z\u00e1\u017eitok, ktor\u00fd spojil deti v spolo\u010dn\u00fdch hr\u00e1ch, s\u00fa\u0165a\u017eiach a oddychu. Na\u0161e piknikov\u00e9 popoludnie bolo &hellip; <\/p>\n","protected":false},"author":9,"featured_media":18442,"comment_status":"closed","ping_status":"closed","sticky":false,"template":"","format":"standard","meta":{"_acf_changed":false,"footnotes":""},"categories":[1,40],"tags":[],"class_list":["post-18439","post","type-post","status-publish","format-standard","has-post-thumbnail","hentry","category-nezaradene","category-reportaze"],"acf":[],"_links":{"self":[{"href":"https:\/\/gkmke.sk\/zs\/wp-json\/wp\/v2\/posts\/18439","targetHints":{"allow":["GET"]}}],"collection":[{"href":"https:\/\/gkmke.sk\/zs\/wp-json\/wp\/v2\/posts"}],"about":[{"href":"https:\/\/gkmke.sk\/zs\/wp-json\/wp\/v2\/types\/post"}],"author":[{"embeddable":true,"href":"https:\/\/gkmke.sk\/zs\/wp-json\/wp\/v2\/users\/9"}],"replies":[{"embeddable":true,"href":"https:\/\/gkmke.sk\/zs\/wp-json\/wp\/v2\/comments?post=18439"}],"version-history":[{"count":1,"href":"https:\/\/gkmke.sk\/zs\/wp-json\/wp\/v2\/posts\/18439\/revisions"}],"predecessor-version":[{"id":18443,"href":"https:\/\/gkmke.sk\/zs\/wp-json\/wp\/v2\/posts\/18439\/revisions\/18443"}],"wp:featuredmedia":[{"embeddable":true,"href":"https:\/\/gkmke.sk\/zs\/wp-json\/wp\/v2\/media\/18442"}],"wp:attachment":[{"href":"https:\/\/gkmke.sk\/zs\/wp-json\/wp\/v2\/media?parent=18439"}],"wp:term":[{"taxonomy":"category","embeddable":true,"href":"https:\/\/gkmke.sk\/zs\/wp-json\/wp\/v2\/categories?post=18439"},{"taxonomy":"post_tag","embeddable":true,"href":"https:\/\/gkmke.sk\/zs\/wp-json\/wp\/v2\/tags?post=18439"}],"curies":[{"name":"wp","href":"https:\/\/api.w.org\/{rel}","templated":true}]}}