{"id":18629,"date":"2025-09-05T17:39:58","date_gmt":"2025-09-05T15:39:58","guid":{"rendered":"https:\/\/gkmke.sk\/zs\/?p=18629"},"modified":"2025-09-05T17:40:58","modified_gmt":"2025-09-05T15:40:58","slug":"ponuka-kruzkov-v-skolskom-roku-2025-2026-2","status":"publish","type":"post","link":"https:\/\/gkmke.sk\/zs\/ponuka-kruzkov-v-skolskom-roku-2025-2026-2\/","title":{"rendered":"Ponuka kr\u00fa\u017ekov v \u0161kolskom roku 2025\/2026"},"content":{"rendered":"\t\t<div data-elementor-type=\"wp-post\" data-elementor-id=\"18629\" class=\"elementor elementor-18629\">\n\t\t\t\t<div class=\"elementor-element elementor-element-16e3a731 e-flex e-con-boxed e-con e-parent\" data-id=\"16e3a731\" data-element_type=\"container\" data-e-type=\"container\">\n\t\t\t\t\t<div class=\"e-con-inner\">\n\t\t\t\t<div class=\"elementor-element elementor-element-50b8be0d elementor-widget elementor-widget-text-editor\" data-id=\"50b8be0d\" data-element_type=\"widget\" data-e-type=\"widget\" data-widget_type=\"text-editor.default\">\n\t\t\t\t<div class=\"elementor-widget-container\">\n\t\t\t\t\t\t\t\t\t\n<p>Mil\u00ed rodi\u010dia,<\/p>\n\n<p>v novom \u0161kolskom roku si m\u00f4\u017eete vybra\u0165 kr\u00fa\u017eky z nasleduj\u00facej ponuky. Elektronick\u00e9 prihlasovanie na kr\u00fa\u017eky bude mo\u017en\u00e9 uskuto\u010dni\u0165 v priebehu prv\u00e9ho septembrov\u00e9ho t\u00fd\u017ed\u0148a cez EduPage. Te\u0161\u00edme sa na v\u0161etky \u0161ikovn\u00e9 a zvedav\u00e9 deti.<\/p>\n<p><a href=\"https:\/\/gkmke.sk\/zs\/wp-content\/uploads\/sites\/3\/2025\/09\/Kruzky_ZS_2025_2026_zmena.pdf\" target=\"_blank\" rel=\"noopener\">Kr\u00fa\u017eky na Z\u0160 v \u0161k. roku 2025\/2026 &#8211; zmeny<\/a><\/p>\n\t\t\t\t\t\t\t\t<\/div>\n\t\t\t\t<\/div>\n\t\t\t\t\t<\/div>\n\t\t\t\t<\/div>\n\t\t\t\t<\/div>\n\t\t","protected":false},"excerpt":{"rendered":"<p>Mil\u00ed rodi\u010dia, v novom \u0161kolskom roku si m\u00f4\u017eete vybra\u0165 kr\u00fa\u017eky z nasleduj\u00facej ponuky. Elektronick\u00e9 prihlasovanie na kr\u00fa\u017eky bude mo\u017en\u00e9 uskuto\u010dni\u0165 v priebehu prv\u00e9ho septembrov\u00e9ho t\u00fd\u017ed\u0148a cez EduPage. Te\u0161\u00edme sa na v\u0161etky \u0161ikovn\u00e9 a zvedav\u00e9 deti. Kr\u00fa\u017eky na Z\u0160 v \u0161k. &hellip; <\/p>\n","protected":false},"author":3,"featured_media":18604,"comment_status":"closed","ping_status":"closed","sticky":false,"template":"","format":"standard","meta":{"_acf_changed":false,"footnotes":""},"categories":[39],"tags":[],"class_list":["post-18629","post","type-post","status-publish","format-standard","has-post-thumbnail","hentry","category-oznamy"],"acf":[],"_links":{"self":[{"href":"https:\/\/gkmke.sk\/zs\/wp-json\/wp\/v2\/posts\/18629","targetHints":{"allow":["GET"]}}],"collection":[{"href":"https:\/\/gkmke.sk\/zs\/wp-json\/wp\/v2\/posts"}],"about":[{"href":"https:\/\/gkmke.sk\/zs\/wp-json\/wp\/v2\/types\/post"}],"author":[{"embeddable":true,"href":"https:\/\/gkmke.sk\/zs\/wp-json\/wp\/v2\/users\/3"}],"replies":[{"embeddable":true,"href":"https:\/\/gkmke.sk\/zs\/wp-json\/wp\/v2\/comments?post=18629"}],"version-history":[{"count":1,"href":"https:\/\/gkmke.sk\/zs\/wp-json\/wp\/v2\/posts\/18629\/revisions"}],"predecessor-version":[{"id":18633,"href":"https:\/\/gkmke.sk\/zs\/wp-json\/wp\/v2\/posts\/18629\/revisions\/18633"}],"wp:featuredmedia":[{"embeddable":true,"href":"https:\/\/gkmke.sk\/zs\/wp-json\/wp\/v2\/media\/18604"}],"wp:attachment":[{"href":"https:\/\/gkmke.sk\/zs\/wp-json\/wp\/v2\/media?parent=18629"}],"wp:term":[{"taxonomy":"category","embeddable":true,"href":"https:\/\/gkmke.sk\/zs\/wp-json\/wp\/v2\/categories?post=18629"},{"taxonomy":"post_tag","embeddable":true,"href":"https:\/\/gkmke.sk\/zs\/wp-json\/wp\/v2\/tags?post=18629"}],"curies":[{"name":"wp","href":"https:\/\/api.w.org\/{rel}","templated":true}]}}