{"id":18891,"date":"2025-10-05T22:09:29","date_gmt":"2025-10-05T20:09:29","guid":{"rendered":"https:\/\/gkmke.sk\/zs\/?p=18891"},"modified":"2025-10-07T09:59:36","modified_gmt":"2025-10-07T07:59:36","slug":"milion-deti-s-modlilo-ruzenec-aj-my","status":"publish","type":"post","link":"https:\/\/gkmke.sk\/zs\/milion-deti-s-modlilo-ruzenec-aj-my\/","title":{"rendered":"Mili\u00f3n det\u00ed sa modlilo ru\u017eenec. Aj my."},"content":{"rendered":"\t\t<div data-elementor-type=\"wp-post\" data-elementor-id=\"18891\" class=\"elementor elementor-18891\">\n\t\t\t\t<div class=\"elementor-element elementor-element-2551e1f5 e-flex e-con-boxed e-con e-parent\" data-id=\"2551e1f5\" data-element_type=\"container\" data-e-type=\"container\">\n\t\t\t\t\t<div class=\"e-con-inner\">\n\t\t\t\t<div class=\"elementor-element elementor-element-757a3a00 elementor-widget elementor-widget-text-editor\" data-id=\"757a3a00\" data-element_type=\"widget\" data-e-type=\"widget\" data-widget_type=\"text-editor.default\">\n\t\t\t\t<div class=\"elementor-widget-container\">\n\t\t\t\t\t\t\t\t\t\n<p>V piatok 3.10.2025 sa cel\u00e1 na\u0161a \u0161kola spolo\u010dne zhroma\u017edila v kaplnke, na chodbe a v jed\u00e1lni, aby sme sa pripojili k celosvetovej modlitebnej iniciat\u00edve <strong>\u201eMili\u00f3n det\u00ed sa modl\u00ed ru\u017eenec\u201c<\/strong>. V tento de\u0148 sa \u017eiaci, u\u010ditelia i zamestnanci spojili v modlitbe sv\u00e4t\u00e9ho ru\u017eenca za <strong>mier a pokoj vo svete.<\/strong><\/p>\n\n<p>Do tejto v\u00fdnimo\u010dnej akcie sa ka\u017edoro\u010dne zap\u00e1jaj\u00fa deti z cel\u00e9ho sveta \u2013 a my sme nechceli ch\u00fdba\u0165. Spolo\u010dn\u00e1 modlitba vytvorila kr\u00e1snu a pokojn\u00fa atmosf\u00e9ru, v ktorej sme si uvedomili silu jednoty, viery a n\u00e1deje.<\/p>\n\n<p>\u010eakujeme v\u0161etk\u00fdm, ktor\u00ed sa zapojili, a ver\u00edme, \u017ee aj tak\u00fdmto sp\u00f4sobom m\u00f4\u017eeme prispie\u0165 k dobru vo svete.<\/p>\n<p><img fetchpriority=\"high\" decoding=\"async\" class=\"alignnone size-full wp-image-18899\" src=\"https:\/\/gkmke.sk\/zs\/wp-content\/uploads\/sites\/3\/2025\/10\/20251003_090717_1.jpg\" alt=\"\" width=\"1125\" height=\"2000\" \/><\/p>\n<p><img decoding=\"async\" class=\"alignnone size-full wp-image-18901\" src=\"https:\/\/gkmke.sk\/zs\/wp-content\/uploads\/sites\/3\/2025\/10\/20251003_090848_1.jpg\" alt=\"\" width=\"1125\" height=\"2000\" \/><\/p>\n<p><img decoding=\"async\" class=\"alignnone size-full wp-image-18900\" src=\"https:\/\/gkmke.sk\/zs\/wp-content\/uploads\/sites\/3\/2025\/10\/20251003_090601_1.jpg\" alt=\"\" width=\"1500\" height=\"2000\" \/><\/p>\n<p>Foto: arch\u00edv \u0161koly<\/p>\n\t\t\t\t\t\t\t\t<\/div>\n\t\t\t\t<\/div>\n\t\t\t\t\t<\/div>\n\t\t\t\t<\/div>\n\t\t\t\t<\/div>\n\t\t","protected":false},"excerpt":{"rendered":"<p>V piatok 3.10.2025 sa cel\u00e1 na\u0161a \u0161kola spolo\u010dne zhroma\u017edila v kaplnke, na chodbe a v jed\u00e1lni, aby sme sa pripojili k celosvetovej modlitebnej iniciat\u00edve \u201eMili\u00f3n det\u00ed sa modl\u00ed ru\u017eenec\u201c. V tento de\u0148 sa \u017eiaci, u\u010ditelia i zamestnanci spojili v modlitbe &hellip; <\/p>\n","protected":false},"author":3,"featured_media":18896,"comment_status":"closed","ping_status":"closed","sticky":false,"template":"","format":"standard","meta":{"_acf_changed":false,"footnotes":""},"categories":[40],"tags":[],"class_list":["post-18891","post","type-post","status-publish","format-standard","has-post-thumbnail","hentry","category-reportaze"],"acf":[],"_links":{"self":[{"href":"https:\/\/gkmke.sk\/zs\/wp-json\/wp\/v2\/posts\/18891","targetHints":{"allow":["GET"]}}],"collection":[{"href":"https:\/\/gkmke.sk\/zs\/wp-json\/wp\/v2\/posts"}],"about":[{"href":"https:\/\/gkmke.sk\/zs\/wp-json\/wp\/v2\/types\/post"}],"author":[{"embeddable":true,"href":"https:\/\/gkmke.sk\/zs\/wp-json\/wp\/v2\/users\/3"}],"replies":[{"embeddable":true,"href":"https:\/\/gkmke.sk\/zs\/wp-json\/wp\/v2\/comments?post=18891"}],"version-history":[{"count":1,"href":"https:\/\/gkmke.sk\/zs\/wp-json\/wp\/v2\/posts\/18891\/revisions"}],"predecessor-version":[{"id":18927,"href":"https:\/\/gkmke.sk\/zs\/wp-json\/wp\/v2\/posts\/18891\/revisions\/18927"}],"wp:featuredmedia":[{"embeddable":true,"href":"https:\/\/gkmke.sk\/zs\/wp-json\/wp\/v2\/media\/18896"}],"wp:attachment":[{"href":"https:\/\/gkmke.sk\/zs\/wp-json\/wp\/v2\/media?parent=18891"}],"wp:term":[{"taxonomy":"category","embeddable":true,"href":"https:\/\/gkmke.sk\/zs\/wp-json\/wp\/v2\/categories?post=18891"},{"taxonomy":"post_tag","embeddable":true,"href":"https:\/\/gkmke.sk\/zs\/wp-json\/wp\/v2\/tags?post=18891"}],"curies":[{"name":"wp","href":"https:\/\/api.w.org\/{rel}","templated":true}]}}