{"id":18934,"date":"2025-10-15T08:32:27","date_gmt":"2025-10-15T06:32:27","guid":{"rendered":"https:\/\/gkmke.sk\/zs\/?p=18934"},"modified":"2025-10-15T08:34:19","modified_gmt":"2025-10-15T06:34:19","slug":"s-vetrom-opreteky","status":"publish","type":"post","link":"https:\/\/gkmke.sk\/zs\/s-vetrom-opreteky\/","title":{"rendered":"S vetrom opreteky"},"content":{"rendered":"\t\t<div data-elementor-type=\"wp-post\" data-elementor-id=\"18934\" class=\"elementor elementor-18934\">\n\t\t\t\t<div class=\"elementor-element elementor-element-3de68e4d e-flex e-con-boxed e-con e-parent\" data-id=\"3de68e4d\" data-element_type=\"container\" data-e-type=\"container\">\n\t\t\t\t\t<div class=\"e-con-inner\">\n\t\t\t\t<div class=\"elementor-element elementor-element-7b2b9a79 elementor-widget elementor-widget-text-editor\" data-id=\"7b2b9a79\" data-element_type=\"widget\" data-e-type=\"widget\" data-widget_type=\"text-editor.default\">\n\t\t\t\t<div class=\"elementor-widget-container\">\n\t\t\t\t\t\t\t\t\t\n<p>Deti \u00davodn\u00e9ho ro\u010dn\u00edka si minul\u00fd t\u00fd\u017ede\u0148 u\u017eili pr\u00edjemn\u00e9, jesenn\u00e9 po\u010dasie p\u00fa\u0161\u0165an\u00edm \u0161arkanov. Slnie\u010dko, vetr\u00edk a k tomu r\u00fdchle n\u00f4\u017eky prispeli k \u013eahk\u00e9mu vzlietnutiu \u0161arkanov do v\u00fd\u0161ky. Najkraj\u0161ie v\u0161ak boli spokojnos\u0165 a \u00fasmevy na tv\u00e1rach det\u00ed.<\/p>\n\n<p>Mgr. Jana Gamr\u00e1thov\u00e1, u\u010dite\u013eka v \u00davodnom ro\u010dn\u00edku<\/p>\n<p><img fetchpriority=\"high\" decoding=\"async\" class=\"alignnone size-full wp-image-18937\" src=\"https:\/\/gkmke.sk\/zs\/wp-content\/uploads\/sites\/3\/2025\/10\/IMG_20251008_202106_4.jpg\" alt=\"\" width=\"1457\" height=\"1310\" \/><\/p>\n<p><img decoding=\"async\" class=\"alignnone size-full wp-image-18941\" src=\"https:\/\/gkmke.sk\/zs\/wp-content\/uploads\/sites\/3\/2025\/10\/IMG_20251008_202354_2.jpg\" alt=\"\" width=\"1389\" height=\"1587\" \/><\/p>\n<p><img decoding=\"async\" class=\"alignnone size-full wp-image-18940\" src=\"https:\/\/gkmke.sk\/zs\/wp-content\/uploads\/sites\/3\/2025\/10\/IMG_20251008_201734_3-1.jpg\" alt=\"\" width=\"1210\" height=\"1610\" \/><\/p>\n\t\t\t\t\t\t\t\t<\/div>\n\t\t\t\t<\/div>\n\t\t\t\t\t<\/div>\n\t\t\t\t<\/div>\n\t\t\t\t<\/div>\n\t\t","protected":false},"excerpt":{"rendered":"<p>Deti \u00davodn\u00e9ho ro\u010dn\u00edka si minul\u00fd t\u00fd\u017ede\u0148 u\u017eili pr\u00edjemn\u00e9, jesenn\u00e9 po\u010dasie p\u00fa\u0161\u0165an\u00edm \u0161arkanov. Slnie\u010dko, vetr\u00edk a k tomu r\u00fdchle n\u00f4\u017eky prispeli k \u013eahk\u00e9mu vzlietnutiu \u0161arkanov do v\u00fd\u0161ky. Najkraj\u0161ie v\u0161ak boli spokojnos\u0165 a \u00fasmevy na tv\u00e1rach det\u00ed. Mgr. Jana Gamr\u00e1thov\u00e1, u\u010dite\u013eka v &hellip; <\/p>\n","protected":false},"author":3,"featured_media":18935,"comment_status":"closed","ping_status":"closed","sticky":false,"template":"","format":"standard","meta":{"_acf_changed":false,"footnotes":""},"categories":[40],"tags":[],"class_list":["post-18934","post","type-post","status-publish","format-standard","has-post-thumbnail","hentry","category-reportaze"],"acf":[],"_links":{"self":[{"href":"https:\/\/gkmke.sk\/zs\/wp-json\/wp\/v2\/posts\/18934","targetHints":{"allow":["GET"]}}],"collection":[{"href":"https:\/\/gkmke.sk\/zs\/wp-json\/wp\/v2\/posts"}],"about":[{"href":"https:\/\/gkmke.sk\/zs\/wp-json\/wp\/v2\/types\/post"}],"author":[{"embeddable":true,"href":"https:\/\/gkmke.sk\/zs\/wp-json\/wp\/v2\/users\/3"}],"replies":[{"embeddable":true,"href":"https:\/\/gkmke.sk\/zs\/wp-json\/wp\/v2\/comments?post=18934"}],"version-history":[{"count":1,"href":"https:\/\/gkmke.sk\/zs\/wp-json\/wp\/v2\/posts\/18934\/revisions"}],"predecessor-version":[{"id":18944,"href":"https:\/\/gkmke.sk\/zs\/wp-json\/wp\/v2\/posts\/18934\/revisions\/18944"}],"wp:featuredmedia":[{"embeddable":true,"href":"https:\/\/gkmke.sk\/zs\/wp-json\/wp\/v2\/media\/18935"}],"wp:attachment":[{"href":"https:\/\/gkmke.sk\/zs\/wp-json\/wp\/v2\/media?parent=18934"}],"wp:term":[{"taxonomy":"category","embeddable":true,"href":"https:\/\/gkmke.sk\/zs\/wp-json\/wp\/v2\/categories?post=18934"},{"taxonomy":"post_tag","embeddable":true,"href":"https:\/\/gkmke.sk\/zs\/wp-json\/wp\/v2\/tags?post=18934"}],"curies":[{"name":"wp","href":"https:\/\/api.w.org\/{rel}","templated":true}]}}