{"id":19046,"date":"2025-10-28T23:03:38","date_gmt":"2025-10-28T22:03:38","guid":{"rendered":"https:\/\/gkmke.sk\/zs\/?p=19046"},"modified":"2025-10-28T23:15:54","modified_gmt":"2025-10-28T22:15:54","slug":"2sto10-s-ludevitom","status":"publish","type":"post","link":"https:\/\/gkmke.sk\/zs\/2sto10-s-ludevitom\/","title":{"rendered":"2sto10 s \u013dudev\u00edtom"},"content":{"rendered":"\t\t<div data-elementor-type=\"wp-post\" data-elementor-id=\"19046\" class=\"elementor elementor-19046\">\n\t\t\t\t<div class=\"elementor-element elementor-element-219f2aa2 e-flex e-con-boxed e-con e-parent\" data-id=\"219f2aa2\" data-element_type=\"container\" data-e-type=\"container\">\n\t\t\t\t\t<div class=\"e-con-inner\">\n\t\t\t\t<div class=\"elementor-element elementor-element-286b2174 elementor-widget elementor-widget-text-editor\" data-id=\"286b2174\" data-element_type=\"widget\" data-e-type=\"widget\" data-widget_type=\"text-editor.default\">\n\t\t\t\t<div class=\"elementor-widget-container\">\n\t\t\t\t\t\t\t\t\t\n<p>Ako by asi vyzeral de\u0148 s \u013dudov\u00edtom \u0160t\u00farom? Na\u0161i \u017eiaci druh\u00e9ho stup\u0148a sa na jedno dopoludnie preniesli do 19. storo\u010dia, tvorili, debatovali a objavovali kr\u00e1su na\u0161ej re\u010di \u2013 a pritom sa v\u00fdborne zabavili.<\/p>\n<p><span data-olk-copy-source=\"MailCompose\">\u017diaci druh\u00e9ho stup\u0148a sa v pondelok 27.10.2025 preniesli v \u010dase do obdobia n\u00e1rodn\u00e9ho obrodenia a osobnosti, ktor\u00e1 st\u00e1la pri zrode spisovnej sloven\u010diny \u2013 \u013dudov\u00edta \u0160t\u00fara. Podujatie s n\u00e1zvom <b>\u201e\u013dudev\u00edt\u201c<\/b> prinieslo pestr\u00fd program pln\u00fd tvorivosti, poznania a z\u00e1bavy.\u00a0<\/span>Postupne vst\u00fapili do desiatich tried, v ktor\u00fdch sa zapojili do aktiv\u00edt pripraven\u00fdch u\u010dite\u013emi a ich spolu\u017eiakmi.\u00a0<\/p>\n<p>Kreslili <b>Komixy o \u0160t\u00farovi a jeho dobe,<\/b> tvorili<b> Vlastn\u00e9 men\u00e1 v \u0161t\u00farov\u010dine <\/b>a vypo\u010duli si <b>Re\u010d na Uhorskom sneme <\/b>v skvelom prednese p. u\u010dite\u013ea Jaroslava Forg\u00e1\u010da. Virtu\u00e1lne zrealizovali <b>V\u00fdstup na Dev\u00edn.\u00a0<\/b>Ru\u010dne <b>P\u00edsan\u00e1 kore\u0161pondencia <\/b>brkom a atramentom\u00a0adresovan\u00e1 p\u00e1novi riadite\u013eovi sa prel\u00ednala s uk\u00e1\u017ekami kaligrafie.\u00a0<\/p>\n<p>So slovn\u00fdmi h\u00e1dankami ukr\u00fdvaj\u00facimi n\u00e1zvy miest, ktor\u00e9 \u0160t\u00far nav\u0161t\u00edvil, sa stali zase <b>Cestovate\u013emi po mape.\u00a0<\/b>To, \u017ee aj matematika sa dnes dala v\u00fdborne zahrn\u00fa\u0165, uk\u00e1zala aktivita<b>\u00a0\u0160t\u00far\u00a0 v \u010d\u00edslach.\u00a0<\/b>Nemohol ch\u00fdba\u0165 ani<b>\u00a0Kv\u00edz o \u0160t\u00farovi <\/b>v\u00a0 ob\u013e\u00fabenej aplik\u00e1cii Kahoot.<\/p>\n<p>N\u00e1paditos\u0165 organiza\u010dn\u00e9ho t\u00edmu sa uk\u00e1zala aj origin\u00e1lnom historickom oble\u010den\u00ed\u00a0 niektor\u00fdch \u017eiakov. Obdiv jednozna\u010dne zo\u017eal <strong>S\u013eubom\u00edr<\/strong>, ktor\u00e9mu nech\u00fdbala ani povestn\u00e1\u00a0 &#8222;\u0161t\u00farovsk\u00e1 brada&#8220;.\u00a0<\/p>\n<p>S\u00fa\u010das\u0165ou dopoludnia bola aj <b>n\u00e1v\u0161teva v redak\u010dnej rade gymnazi\u00e1lneho \u010dasopisu <i>Quo vadis<\/i><\/b>. Ka\u017ed\u00e1 trieda si z tejto n\u00e1v\u0161tevy odniesla svoj vlastn\u00fd dvojstranov\u00fd v\u00fdtla\u010dok s \u010dl\u00e1nkom o absolvovanej aktivite a spolo\u010dnou fotografiou spolu s \u010dlenmi redakcie (kedy to t\u00ed \u010dlenovia redak\u010dnej rady stihli vytla\u010di\u0165?).<\/p>\n<p>Podujatie uk\u00e1zalo, \u017ee hist\u00f3ria nemus\u00ed by\u0165 len o d\u00e1tumoch a men\u00e1ch, ale aj o z\u00e1\u017eitkoch, spolupr\u00e1ci a tvorivosti. \u017diaci si nielen pripomenuli v\u00fdznamn\u00e9 osobnosti na\u0161ich dej\u00edn, ale si aj vysk\u00fa\u0161ali, ak\u00e9 to bolo \u201eby\u0165 \u0160t\u00farom\u201c \u2013 p\u00edsa\u0165 brkom, hovori\u0165 po \u0161t\u00farovsky \u010di cestova\u0165 po miestach, ktor\u00e9 formovali slovensk\u00fa identitu.<\/p>\n<p>\u010eakujeme v\u0161etk\u00fdm pedag\u00f3gom a \u017eiakom, ktor\u00ed sa na pr\u00edprave podujatia akt\u00edvne podie\u013eali, za ich n\u00e1paditos\u0165, energiu a nad\u0161enie. \u013dudov\u00edt \u0160t\u00far by bol ur\u010dite hrd\u00fd!<\/p>\n<p>Zop\u00e1r fotografi\u00ed a na z\u00e1ver aj video, aby zachyt\u00e1vaj\u00face autentick\u00fa atmosf\u00e9ru cel\u00e9ho podujatia.\u00a0<\/p>\n<p><img fetchpriority=\"high\" decoding=\"async\" class=\"alignnone size-full wp-image-19049\" src=\"https:\/\/gkmke.sk\/zs\/wp-content\/uploads\/sites\/3\/2025\/10\/toto3.jpg\" alt=\"\" width=\"900\" height=\"1600\" \/><\/p>\n<p><img decoding=\"async\" class=\"alignnone size-full wp-image-19050\" src=\"https:\/\/gkmke.sk\/zs\/wp-content\/uploads\/sites\/3\/2025\/10\/toto6.jpg\" alt=\"\" width=\"900\" height=\"1600\" \/><\/p>\n<p><img decoding=\"async\" class=\"alignnone size-full wp-image-19051\" src=\"https:\/\/gkmke.sk\/zs\/wp-content\/uploads\/sites\/3\/2025\/10\/toto2.jpg\" alt=\"\" width=\"900\" height=\"1600\" \/><\/p>\n<p><img loading=\"lazy\" decoding=\"async\" class=\"alignnone size-full wp-image-19052\" src=\"https:\/\/gkmke.sk\/zs\/wp-content\/uploads\/sites\/3\/2025\/10\/toto7.jpg\" alt=\"\" width=\"900\" height=\"1600\" \/><\/p>\n<p><img loading=\"lazy\" decoding=\"async\" class=\"alignnone size-full wp-image-19053\" src=\"https:\/\/gkmke.sk\/zs\/wp-content\/uploads\/sites\/3\/2025\/10\/toto1.jpg\" alt=\"\" width=\"1600\" height=\"1200\" \/><\/p>\n<p><img loading=\"lazy\" decoding=\"async\" class=\"alignnone size-full wp-image-19054\" src=\"https:\/\/gkmke.sk\/zs\/wp-content\/uploads\/sites\/3\/2025\/10\/toto5.jpg\" alt=\"\" width=\"1600\" height=\"900\" \/><\/p>\n<p><a title=\"Video z podujatia &quot;\u013dudev\u00edt&quot;\" href=\"https:\/\/youtu.be\/3gNJyMML814\" target=\"_blank\" rel=\"noopener\">Video z podujatia &#8222;\u013dudev\u00edt&#8220;<\/a><\/p>\n<p>\u00a0<\/p>\n<p>Foto: arch\u00edv \u0161koly<\/p>\n\t\t\t\t\t\t\t\t<\/div>\n\t\t\t\t<\/div>\n\t\t\t\t\t<\/div>\n\t\t\t\t<\/div>\n\t\t\t\t<\/div>\n\t\t","protected":false},"excerpt":{"rendered":"<p>Ako by asi vyzeral de\u0148 s \u013dudov\u00edtom \u0160t\u00farom? Na\u0161i \u017eiaci druh\u00e9ho stup\u0148a sa na jedno dopoludnie preniesli do 19. storo\u010dia, tvorili, debatovali a objavovali kr\u00e1su na\u0161ej re\u010di \u2013 a pritom sa v\u00fdborne zabavili. \u017diaci druh\u00e9ho stup\u0148a sa v pondelok 27.10.2025 &hellip; <\/p>\n","protected":false},"author":3,"featured_media":19047,"comment_status":"closed","ping_status":"closed","sticky":false,"template":"","format":"standard","meta":{"_acf_changed":false,"footnotes":""},"categories":[40],"tags":[],"class_list":["post-19046","post","type-post","status-publish","format-standard","has-post-thumbnail","hentry","category-reportaze"],"acf":[],"_links":{"self":[{"href":"https:\/\/gkmke.sk\/zs\/wp-json\/wp\/v2\/posts\/19046","targetHints":{"allow":["GET"]}}],"collection":[{"href":"https:\/\/gkmke.sk\/zs\/wp-json\/wp\/v2\/posts"}],"about":[{"href":"https:\/\/gkmke.sk\/zs\/wp-json\/wp\/v2\/types\/post"}],"author":[{"embeddable":true,"href":"https:\/\/gkmke.sk\/zs\/wp-json\/wp\/v2\/users\/3"}],"replies":[{"embeddable":true,"href":"https:\/\/gkmke.sk\/zs\/wp-json\/wp\/v2\/comments?post=19046"}],"version-history":[{"count":1,"href":"https:\/\/gkmke.sk\/zs\/wp-json\/wp\/v2\/posts\/19046\/revisions"}],"predecessor-version":[{"id":19063,"href":"https:\/\/gkmke.sk\/zs\/wp-json\/wp\/v2\/posts\/19046\/revisions\/19063"}],"wp:featuredmedia":[{"embeddable":true,"href":"https:\/\/gkmke.sk\/zs\/wp-json\/wp\/v2\/media\/19047"}],"wp:attachment":[{"href":"https:\/\/gkmke.sk\/zs\/wp-json\/wp\/v2\/media?parent=19046"}],"wp:term":[{"taxonomy":"category","embeddable":true,"href":"https:\/\/gkmke.sk\/zs\/wp-json\/wp\/v2\/categories?post=19046"},{"taxonomy":"post_tag","embeddable":true,"href":"https:\/\/gkmke.sk\/zs\/wp-json\/wp\/v2\/tags?post=19046"}],"curies":[{"name":"wp","href":"https:\/\/api.w.org\/{rel}","templated":true}]}}