{"id":19334,"date":"2025-12-17T11:24:53","date_gmt":"2025-12-17T10:24:53","guid":{"rendered":"https:\/\/gkmke.sk\/zs\/vianocny-pozdrav\/"},"modified":"2025-12-17T11:53:33","modified_gmt":"2025-12-17T10:53:33","slug":"vianocny-pozdrav","status":"publish","type":"post","link":"https:\/\/gkmke.sk\/zs\/vianocny-pozdrav\/","title":{"rendered":"Viano\u010dn\u00fd pozdrav"},"content":{"rendered":"\n<p class=\"has-text-align-center\"><\/p>\n\n\n\n<h2 class=\"wp-block-heading has-text-align-center\">Milostipln\u00e9 viano\u010dn\u00e9 sviatky a \u00faspe\u0161n\u00fd nov\u00fd rok 2026<\/h2>\n\n\n\n<h2 class=\"wp-block-heading has-text-align-center\">praje spolo\u010denstvo \u017eiakov a zamestnancov<\/h2>\n\n\n\n<h2 class=\"wp-block-heading has-text-align-center\">Spojenej \u0161koly sv. Ko\u0161ick\u00fdch mu\u010den\u00edkov.<\/h2>\n\n\n\n<p><\/p>\n\n\n<div class=\"wp-block-image\">\n<figure class=\"aligncenter size-full\"><img fetchpriority=\"high\" decoding=\"async\" width=\"713\" height=\"518\" src=\"https:\/\/gkmke.sk\/zs\/wp-content\/uploads\/sites\/3\/2025\/12\/pohladnica-1.jpg\" alt=\"\" class=\"wp-image-19343\"\/><\/figure><\/div>\n\n\n<p class=\"has-text-align-center\">Autorka: \u017eia\u010dka ZU\u0160 sv. Ko\u0161ick\u00fdch mu\u010den\u00edkov Ema Kr\u00ed\u017eov\u00e1, 8 rokov<\/p>\n\n\n<div class=\"wp-block-image\">\n<figure class=\"aligncenter size-full\"><img decoding=\"async\" width=\"422\" height=\"360\" src=\"https:\/\/gkmke.sk\/wp-content\/uploads\/2025\/12\/obrazok-rotated.jpg\" alt=\"\" class=\"wp-image-19350\"\/><\/figure><\/div>\n\n\n<h2 class=\"wp-block-heading has-text-align-center\"><\/h2>\n\n\n\n<p>Vyu\u010dovanie v novom roku za\u010dne vo \u0161tvrtok 8. janu\u00e1ra 2026 spolo\u010dnou sv. om\u0161ou o 8.05 h. v Kostole Bo\u017eieho milosrdenstva.<\/p>\n","protected":false},"excerpt":{"rendered":"<p>Milostipln\u00e9 viano\u010dn\u00e9 sviatky a \u00faspe\u0161n\u00fd nov\u00fd rok 2026 praje spolo\u010denstvo \u017eiakov a zamestnancov Spojenej \u0161koly sv. Ko\u0161ick\u00fdch mu\u010den\u00edkov. Autorka: \u017eia\u010dka ZU\u0160 sv. Ko\u0161ick\u00fdch mu\u010den\u00edkov Ema Kr\u00ed\u017eov\u00e1, 8 rokov Vyu\u010dovanie v novom roku za\u010dne vo \u0161tvrtok 8. janu\u00e1ra 2026 spolo\u010dnou sv. &hellip; <\/p>\n","protected":false},"author":2,"featured_media":19342,"comment_status":"closed","ping_status":"closed","sticky":false,"template":"","format":"standard","meta":{"_acf_changed":false,"footnotes":""},"categories":[39],"tags":[],"class_list":["post-19334","post","type-post","status-publish","format-standard","has-post-thumbnail","hentry","category-oznamy"],"acf":[],"_links":{"self":[{"href":"https:\/\/gkmke.sk\/zs\/wp-json\/wp\/v2\/posts\/19334","targetHints":{"allow":["GET"]}}],"collection":[{"href":"https:\/\/gkmke.sk\/zs\/wp-json\/wp\/v2\/posts"}],"about":[{"href":"https:\/\/gkmke.sk\/zs\/wp-json\/wp\/v2\/types\/post"}],"author":[{"embeddable":true,"href":"https:\/\/gkmke.sk\/zs\/wp-json\/wp\/v2\/users\/2"}],"replies":[{"embeddable":true,"href":"https:\/\/gkmke.sk\/zs\/wp-json\/wp\/v2\/comments?post=19334"}],"version-history":[{"count":1,"href":"https:\/\/gkmke.sk\/zs\/wp-json\/wp\/v2\/posts\/19334\/revisions"}],"predecessor-version":[{"id":19359,"href":"https:\/\/gkmke.sk\/zs\/wp-json\/wp\/v2\/posts\/19334\/revisions\/19359"}],"wp:featuredmedia":[{"embeddable":true,"href":"https:\/\/gkmke.sk\/zs\/wp-json\/wp\/v2\/media\/19342"}],"wp:attachment":[{"href":"https:\/\/gkmke.sk\/zs\/wp-json\/wp\/v2\/media?parent=19334"}],"wp:term":[{"taxonomy":"category","embeddable":true,"href":"https:\/\/gkmke.sk\/zs\/wp-json\/wp\/v2\/categories?post=19334"},{"taxonomy":"post_tag","embeddable":true,"href":"https:\/\/gkmke.sk\/zs\/wp-json\/wp\/v2\/tags?post=19334"}],"curies":[{"name":"wp","href":"https:\/\/api.w.org\/{rel}","templated":true}]}}