{"id":19380,"date":"2025-12-29T19:21:12","date_gmt":"2025-12-29T18:21:12","guid":{"rendered":"https:\/\/gkmke.sk\/zs\/?p=19380"},"modified":"2025-12-29T19:23:43","modified_gmt":"2025-12-29T18:23:43","slug":"kuzlo-vianocnych-oblatok","status":"publish","type":"post","link":"https:\/\/gkmke.sk\/zs\/kuzlo-vianocnych-oblatok\/","title":{"rendered":"K\u00fazlo viano\u010dn\u00fdch obl\u00e1tok"},"content":{"rendered":"\t\t<div data-elementor-type=\"wp-post\" data-elementor-id=\"19380\" class=\"elementor elementor-19380\">\n\t\t\t\t<div class=\"elementor-element elementor-element-1ecd4220 e-flex e-con-boxed e-con e-parent\" data-id=\"1ecd4220\" data-element_type=\"container\" data-e-type=\"container\">\n\t\t\t\t\t<div class=\"e-con-inner\">\n\t\t\t\t<div class=\"elementor-element elementor-element-13a651fd elementor-widget elementor-widget-text-editor\" data-id=\"13a651fd\" data-element_type=\"widget\" data-e-type=\"widget\" data-widget_type=\"text-editor.default\">\n\t\t\t\t<div class=\"elementor-widget-container\">\n\t\t\t\t\t\t\t\t\t\n<p>V predviano\u010dnom, adventnom \u010dase k n\u00e1m do triedy \u00daR zav\u00edtal star\u00fd otec jedn\u00e9ho z na\u0161ich \u017eiakov, aby v\u0161etk\u00fdch z\u00fa\u010dastnen\u00fdch vtiahol do k\u00fazla pe\u010denia viano\u010dn\u00fdch obl\u00e1tok. Uk\u00e1zal n\u00e1m star\u00fd stroj, ktor\u00fdm kedysi piekli obl\u00e1tky na\u0161i predkovia. Predstavil n\u00e1m stroj, na ktorom sa zv\u00e4\u010d\u0161a pe\u010d\u00fa obl\u00e1tky dnes. Vysvetlil, \u017ee cesto m\u00f4\u017ee ma\u0165 r\u00f4zne pr\u00edchute, vanilkov\u00fa, orie\u0161kov\u00fa, \u0161koricov\u00fa,&#8230; Napokon n\u00e1m predviedol samotn\u00fd proces v\u00fdroby od natretia v\u010del\u00edm voskom, a\u017e po zakr\u00fatenie do trubi\u010dky. Najv\u00e4\u010d\u0161\u00edm z\u00e1\u017eitkom bolo, ke\u010f sme si samotn\u00fd proces mohli vysk\u00fa\u0161a\u0165. Odmenou boli \u010derstv\u00e9, vynikaj\u00face obl\u00e1tky, ktor\u00fdch sme sa nevedeli dojes\u0165. V\u00f4\u0148a sa \u0161\u00edrila nielen v na\u0161ej triede, ale po celom poschod\u00ed. Pril\u00e1kala deti z in\u00fdch tried, ktor\u00e9 si na obl\u00e1tkach tie\u017e pochutnali.<br \/>Zo srdca \u010fakujeme star\u00e9mu otcovi za obetovan\u00fd \u010das \u2764\ufe0f<\/p>\n\n<p>Text a foto: Mgr. Jana Gamr\u00e1thov\u00e1<\/p>\n<p><img fetchpriority=\"high\" decoding=\"async\" class=\"alignnone size-full wp-image-19385\" src=\"https:\/\/gkmke.sk\/zs\/wp-content\/uploads\/sites\/3\/2025\/12\/IMG_20251210_184811.jpg\" alt=\"\" width=\"1410\" height=\"1389\" \/><\/p>\n<p><img decoding=\"async\" class=\"alignnone size-full wp-image-19386\" src=\"https:\/\/gkmke.sk\/zs\/wp-content\/uploads\/sites\/3\/2025\/12\/IMG_20251210_184725.jpg\" alt=\"\" width=\"1428\" height=\"1389\" \/><\/p>\n<p><img decoding=\"async\" class=\"alignnone size-full wp-image-19384\" src=\"https:\/\/gkmke.sk\/zs\/wp-content\/uploads\/sites\/3\/2025\/12\/IMG_20251210_212732.jpg\" alt=\"\" width=\"1136\" height=\"1600\" \/><\/p>\n<p><img loading=\"lazy\" decoding=\"async\" class=\"alignnone size-full wp-image-19383\" src=\"https:\/\/gkmke.sk\/zs\/wp-content\/uploads\/sites\/3\/2025\/12\/IMG_20251210_185233.jpg\" alt=\"\" width=\"1180\" height=\"1389\" \/><\/p>\n\t\t\t\t\t\t\t\t<\/div>\n\t\t\t\t<\/div>\n\t\t\t\t\t<\/div>\n\t\t\t\t<\/div>\n\t\t\t\t<\/div>\n\t\t","protected":false},"excerpt":{"rendered":"<p>V predviano\u010dnom, adventnom \u010dase k n\u00e1m do triedy \u00daR zav\u00edtal star\u00fd otec jedn\u00e9ho z na\u0161ich \u017eiakov, aby v\u0161etk\u00fdch z\u00fa\u010dastnen\u00fdch vtiahol do k\u00fazla pe\u010denia viano\u010dn\u00fdch obl\u00e1tok. Uk\u00e1zal n\u00e1m star\u00fd stroj, ktor\u00fdm kedysi piekli obl\u00e1tky na\u0161i predkovia. Predstavil n\u00e1m stroj, na ktorom &hellip; <\/p>\n","protected":false},"author":3,"featured_media":19381,"comment_status":"closed","ping_status":"closed","sticky":false,"template":"","format":"standard","meta":{"_acf_changed":false,"footnotes":""},"categories":[40],"tags":[],"class_list":["post-19380","post","type-post","status-publish","format-standard","has-post-thumbnail","hentry","category-reportaze"],"acf":[],"_links":{"self":[{"href":"https:\/\/gkmke.sk\/zs\/wp-json\/wp\/v2\/posts\/19380","targetHints":{"allow":["GET"]}}],"collection":[{"href":"https:\/\/gkmke.sk\/zs\/wp-json\/wp\/v2\/posts"}],"about":[{"href":"https:\/\/gkmke.sk\/zs\/wp-json\/wp\/v2\/types\/post"}],"author":[{"embeddable":true,"href":"https:\/\/gkmke.sk\/zs\/wp-json\/wp\/v2\/users\/3"}],"replies":[{"embeddable":true,"href":"https:\/\/gkmke.sk\/zs\/wp-json\/wp\/v2\/comments?post=19380"}],"version-history":[{"count":1,"href":"https:\/\/gkmke.sk\/zs\/wp-json\/wp\/v2\/posts\/19380\/revisions"}],"predecessor-version":[{"id":19390,"href":"https:\/\/gkmke.sk\/zs\/wp-json\/wp\/v2\/posts\/19380\/revisions\/19390"}],"wp:featuredmedia":[{"embeddable":true,"href":"https:\/\/gkmke.sk\/zs\/wp-json\/wp\/v2\/media\/19381"}],"wp:attachment":[{"href":"https:\/\/gkmke.sk\/zs\/wp-json\/wp\/v2\/media?parent=19380"}],"wp:term":[{"taxonomy":"category","embeddable":true,"href":"https:\/\/gkmke.sk\/zs\/wp-json\/wp\/v2\/categories?post=19380"},{"taxonomy":"post_tag","embeddable":true,"href":"https:\/\/gkmke.sk\/zs\/wp-json\/wp\/v2\/tags?post=19380"}],"curies":[{"name":"wp","href":"https:\/\/api.w.org\/{rel}","templated":true}]}}