{"id":19391,"date":"2025-12-29T20:44:30","date_gmt":"2025-12-29T19:44:30","guid":{"rendered":"https:\/\/gkmke.sk\/zs\/?p=19391"},"modified":"2025-12-29T20:47:42","modified_gmt":"2025-12-29T19:47:42","slug":"pribeh-vianoc-v-tonoch-hudby","status":"publish","type":"post","link":"https:\/\/gkmke.sk\/zs\/pribeh-vianoc-v-tonoch-hudby\/","title":{"rendered":"Pr\u00edbeh Vianoc v t\u00f3noch hudby"},"content":{"rendered":"\t\t<div data-elementor-type=\"wp-post\" data-elementor-id=\"19391\" class=\"elementor elementor-19391\">\n\t\t\t\t<div class=\"elementor-element elementor-element-1368022b e-flex e-con-boxed e-con e-parent\" data-id=\"1368022b\" data-element_type=\"container\" data-e-type=\"container\">\n\t\t\t\t\t<div class=\"e-con-inner\">\n\t\t\t\t<div class=\"elementor-element elementor-element-1ee860eb elementor-widget elementor-widget-text-editor\" data-id=\"1ee860eb\" data-element_type=\"widget\" data-e-type=\"widget\" data-widget_type=\"text-editor.default\">\n\t\t\t\t<div class=\"elementor-widget-container\">\n\t\t\t\t\t\t\t\t\t\n<p>Bl\u00ed\u017eiace sa Vianoce n\u00e1s op\u00e4\u0165 po roku spojili v priestoroch \u0161koly, kde sme sa s o\u010dak\u00e1van\u00edm stretli, zvedav\u00ed, ak\u00fdm pr\u00edbehom n\u00e1s tentoraz preved\u00fa \u017eiaci na\u0161ej \u0161koly pod veden\u00edm svojich u\u010dite\u013eov. A veru \u2013 nesklamali.<\/p>\n\n<p>Ne\u017en\u00fd pr\u00edbeh Narodenia Je\u017ei\u0161a nabral pod taktovkou p\u00e1na u\u010dite\u013ea Forg\u00e1\u010da dynamiku, ak\u010dnos\u0165 i n\u00e1paditos\u0165. Viano\u010dn\u00fa akad\u00e9miu obohatili vyst\u00fapenia detsk\u00e9ho zboru ZU\u0160 a pestr\u00e1 paleta hudobn\u00fdch n\u00e1strojov v ruk\u00e1ch \u017eiakov \u2013 husle, flauta, gitara a dokonca aj cimbal.<\/p>\n\n<p>S\u00fa\u010das\u0165ou podujatia boli aj viano\u010dn\u00e9 trhy, ktor\u00e9 h\u00fdrili farbami, v\u00f4\u0148ami a chu\u0165ami a podmanili si v\u0161etky na\u0161e zmysly. Kto e\u0161te nestihol nak\u00fapi\u0165 viano\u010dn\u00e9 dar\u010deky, ur\u010dite neodi\u0161iel s pr\u00e1zdnymi rukami. Dobroty spod r\u00fak na\u0161ich \u0161kolsk\u00fdch kuch\u00e1rok, ale aj \u0161tudentsk\u00e9ho t\u00edmu, nenechali nikoho hladn\u00e9ho.<\/p>\n\n<p>Pre\u017eili sme chv\u00edle pln\u00e9 bl\u00edzkosti, radosti a vz\u00e1jomn\u00fdch stretnut\u00ed, kde \u017eiak, u\u010dite\u013e i rodi\u010d tvorili jednu ve\u013ek\u00fa rodinu. A tak to m\u00e1 by\u0165. <img decoding=\"async\" src=\"https:\/\/static.xx.fbcdn.net\/images\/emoji.php\/v9\/t7\/1\/16\/1f384.png\" alt=\"\ud83c\udf84\" width=\"16\" height=\"16\" \/><\/p>\n<p>Foto: arch\u00edv \u0161koly<\/p>\n<p><img fetchpriority=\"high\" decoding=\"async\" class=\"alignnone size-full wp-image-19395\" src=\"https:\/\/gkmke.sk\/zs\/wp-content\/uploads\/sites\/3\/2025\/12\/8v.jpg\" alt=\"\" width=\"1600\" height=\"1067\" \/><\/p>\n<p><img decoding=\"async\" class=\"alignnone size-full wp-image-19397\" src=\"https:\/\/gkmke.sk\/zs\/wp-content\/uploads\/sites\/3\/2025\/12\/6v.jpg\" alt=\"\" width=\"1600\" height=\"1067\" \/><\/p>\n<p><img loading=\"lazy\" decoding=\"async\" class=\"alignnone size-full wp-image-19398\" src=\"https:\/\/gkmke.sk\/zs\/wp-content\/uploads\/sites\/3\/2025\/12\/5v.jpg\" alt=\"\" width=\"1600\" height=\"1067\" \/><\/p>\n<p><img loading=\"lazy\" decoding=\"async\" class=\"alignnone size-full wp-image-19399\" src=\"https:\/\/gkmke.sk\/zs\/wp-content\/uploads\/sites\/3\/2025\/12\/4v.jpg\" alt=\"\" width=\"1600\" height=\"1067\" \/><\/p>\n<p><img loading=\"lazy\" decoding=\"async\" class=\"alignnone size-full wp-image-19401\" src=\"https:\/\/gkmke.sk\/zs\/wp-content\/uploads\/sites\/3\/2025\/12\/2v.jpg\" alt=\"\" width=\"1600\" height=\"1067\" \/><\/p>\n<p><img loading=\"lazy\" decoding=\"async\" class=\"alignnone size-full wp-image-19400\" src=\"https:\/\/gkmke.sk\/zs\/wp-content\/uploads\/sites\/3\/2025\/12\/3v.jpg\" alt=\"\" width=\"1600\" height=\"1067\" \/><\/p>\n<p><img loading=\"lazy\" decoding=\"async\" class=\"alignnone size-full wp-image-19396\" src=\"https:\/\/gkmke.sk\/zs\/wp-content\/uploads\/sites\/3\/2025\/12\/7v.jpg\" alt=\"\" width=\"1600\" height=\"1067\" \/><\/p>\n<p><img loading=\"lazy\" decoding=\"async\" class=\"alignnone size-full wp-image-19402\" src=\"https:\/\/gkmke.sk\/zs\/wp-content\/uploads\/sites\/3\/2025\/12\/1v.jpg\" alt=\"\" width=\"1600\" height=\"1067\" \/><\/p>\n<p><img loading=\"lazy\" decoding=\"async\" class=\"alignnone size-full wp-image-19394\" src=\"https:\/\/gkmke.sk\/zs\/wp-content\/uploads\/sites\/3\/2025\/12\/9v.jpg\" alt=\"\" width=\"1600\" height=\"1067\" \/><\/p>\n\n<p>\u00a0<\/p>\n\t\t\t\t\t\t\t\t<\/div>\n\t\t\t\t<\/div>\n\t\t\t\t\t<\/div>\n\t\t\t\t<\/div>\n\t\t\t\t<\/div>\n\t\t","protected":false},"excerpt":{"rendered":"<p>Bl\u00ed\u017eiace sa Vianoce n\u00e1s op\u00e4\u0165 po roku spojili v priestoroch \u0161koly, kde sme sa s o\u010dak\u00e1van\u00edm stretli, zvedav\u00ed, ak\u00fdm pr\u00edbehom n\u00e1s tentoraz preved\u00fa \u017eiaci na\u0161ej \u0161koly pod veden\u00edm svojich u\u010dite\u013eov. A veru \u2013 nesklamali. Ne\u017en\u00fd pr\u00edbeh Narodenia Je\u017ei\u0161a nabral pod &hellip; <\/p>\n","protected":false},"author":3,"featured_media":19393,"comment_status":"closed","ping_status":"closed","sticky":false,"template":"","format":"standard","meta":{"_acf_changed":false,"footnotes":""},"categories":[1,40],"tags":[],"class_list":["post-19391","post","type-post","status-publish","format-standard","has-post-thumbnail","hentry","category-nezaradene","category-reportaze"],"acf":[],"_links":{"self":[{"href":"https:\/\/gkmke.sk\/zs\/wp-json\/wp\/v2\/posts\/19391","targetHints":{"allow":["GET"]}}],"collection":[{"href":"https:\/\/gkmke.sk\/zs\/wp-json\/wp\/v2\/posts"}],"about":[{"href":"https:\/\/gkmke.sk\/zs\/wp-json\/wp\/v2\/types\/post"}],"author":[{"embeddable":true,"href":"https:\/\/gkmke.sk\/zs\/wp-json\/wp\/v2\/users\/3"}],"replies":[{"embeddable":true,"href":"https:\/\/gkmke.sk\/zs\/wp-json\/wp\/v2\/comments?post=19391"}],"version-history":[{"count":1,"href":"https:\/\/gkmke.sk\/zs\/wp-json\/wp\/v2\/posts\/19391\/revisions"}],"predecessor-version":[{"id":19405,"href":"https:\/\/gkmke.sk\/zs\/wp-json\/wp\/v2\/posts\/19391\/revisions\/19405"}],"wp:featuredmedia":[{"embeddable":true,"href":"https:\/\/gkmke.sk\/zs\/wp-json\/wp\/v2\/media\/19393"}],"wp:attachment":[{"href":"https:\/\/gkmke.sk\/zs\/wp-json\/wp\/v2\/media?parent=19391"}],"wp:term":[{"taxonomy":"category","embeddable":true,"href":"https:\/\/gkmke.sk\/zs\/wp-json\/wp\/v2\/categories?post=19391"},{"taxonomy":"post_tag","embeddable":true,"href":"https:\/\/gkmke.sk\/zs\/wp-json\/wp\/v2\/tags?post=19391"}],"curies":[{"name":"wp","href":"https:\/\/api.w.org\/{rel}","templated":true}]}}