{"id":19484,"date":"2026-01-18T20:33:43","date_gmt":"2026-01-18T19:33:43","guid":{"rendered":"https:\/\/gkmke.sk\/zs\/?p=19484"},"modified":"2026-01-18T20:37:36","modified_gmt":"2026-01-18T19:37:36","slug":"greenfluenceri-a-energia","status":"publish","type":"post","link":"https:\/\/gkmke.sk\/zs\/greenfluenceri-a-energia\/","title":{"rendered":"Greenfluenceri a energia"},"content":{"rendered":"\t\t<div data-elementor-type=\"wp-post\" data-elementor-id=\"19484\" class=\"elementor elementor-19484\">\n\t\t\t\t<div class=\"elementor-element elementor-element-27f4dc11 e-flex e-con-boxed e-con e-parent\" data-id=\"27f4dc11\" data-element_type=\"container\" data-e-type=\"container\">\n\t\t\t\t\t<div class=\"e-con-inner\">\n\t\t\t\t<div class=\"elementor-element elementor-element-392d482c elementor-widget elementor-widget-text-editor\" data-id=\"392d482c\" data-element_type=\"widget\" data-e-type=\"widget\" data-widget_type=\"text-editor.default\">\n\t\t\t\t<div class=\"elementor-widget-container\">\n\t\t\t\t\t\t\t\t\t\n<p>Neziskov\u00e1 organiz\u00e1cia\u00a0<a href=\"https:\/\/www.ekofondspp.sk\/\" target=\"_blank\" rel=\"noreferrer noopener\">Ekofond SPP<\/a>\u00a0vyhlasuje \u0161tvrt\u00fd ro\u010dn\u00edk s\u00fa\u0165a\u017ee\u00a0<a href=\"https:\/\/greenfluenceri.sk\/\" target=\"_blank\" rel=\"noreferrer noopener\">Greenfluenceri a energia<\/a>\u00a0pre \u0161kolsk\u00fd rok 2025\/2026. S\u00fa\u0165a\u017e je ur\u010den\u00e1 pre \u017eiakov a \u017eia\u010dky z\u00e1kladn\u00fdch a stredn\u00fdch \u0161k\u00f4l od 13 rokov. Cie\u013eom je motivova\u0165 t\u00edned\u017eerov\u00a0<strong>k\u00a0citliv\u00e9mu vn\u00edmaniu a\u00a0ochrane \u017eivotn\u00e9ho prostredia<\/strong>, vzbudi\u0165 ich\u00a0<strong>z\u00e1ujem o\u00a0ekologick\u00e9 t\u00e9my<\/strong>\u00a0a\u00a0n\u00e1sledne ich vies\u0165 k\u00a0zrozumite\u013en\u00e9mu\u00a0<strong>komunikovaniu t\u00fdchto t\u00e9m na\u00a0soci\u00e1lnych sie\u0165ach.\u00a0<\/strong><\/p>\n\n<p>Do \u0161tvrt\u00e9ho ro\u010dn\u00edka s\u00fa\u0165a\u017ee sme sa pustili aj my, tri greenfluencerky zo 7.A.\u00a0<\/p>\n\n<p>Od\u00a0 <strong>janu\u00e1ra do konca apr\u00edla 2026<\/strong> pripravujeme pre V\u00e1s <strong>zauj\u00edmav\u00e9 aktivity<\/strong>, o ktor\u00fdch budeme pravidelne informova\u0165 na na\u0161ej webstr\u00e1nke <a href=\"https:\/\/gkmke.sk\/zs\/greenfluenceri-a-energie\/\">Greenfluenceri a energia<\/a>, FB a instagramovom profile na\u0161ej \u0161koly.<\/p>\n<p>Sledujte aj INFOpanel pri jed\u00e1lni a up\u00fatavky na TV vo vestibule \u0161koly.\u00a0<\/p>\n<p>\u00a0<\/p>\n<p><img fetchpriority=\"high\" decoding=\"async\" class=\"alignnone size-full wp-image-19474\" src=\"https:\/\/gkmke.sk\/zs\/wp-content\/uploads\/sites\/3\/2026\/01\/2.png\" alt=\"\" width=\"707\" height=\"1000\" \/><\/p>\n<p>\u00a0<\/p>\n\t\t\t\t\t\t\t\t<\/div>\n\t\t\t\t<\/div>\n\t\t\t\t\t<\/div>\n\t\t\t\t<\/div>\n\t\t\t\t<\/div>\n\t\t","protected":false},"excerpt":{"rendered":"<p>Neziskov\u00e1 organiz\u00e1cia\u00a0Ekofond SPP\u00a0vyhlasuje \u0161tvrt\u00fd ro\u010dn\u00edk s\u00fa\u0165a\u017ee\u00a0Greenfluenceri a energia\u00a0pre \u0161kolsk\u00fd rok 2025\/2026. S\u00fa\u0165a\u017e je ur\u010den\u00e1 pre \u017eiakov a \u017eia\u010dky z\u00e1kladn\u00fdch a stredn\u00fdch \u0161k\u00f4l od 13 rokov. Cie\u013eom je motivova\u0165 t\u00edned\u017eerov\u00a0k\u00a0citliv\u00e9mu vn\u00edmaniu a\u00a0ochrane \u017eivotn\u00e9ho prostredia, vzbudi\u0165 ich\u00a0z\u00e1ujem o\u00a0ekologick\u00e9 t\u00e9my\u00a0a\u00a0n\u00e1sledne ich vies\u0165 k\u00a0zrozumite\u013en\u00e9mu\u00a0komunikovaniu &hellip; <\/p>\n","protected":false},"author":3,"featured_media":19485,"comment_status":"closed","ping_status":"closed","sticky":false,"template":"","format":"standard","meta":{"_acf_changed":false,"footnotes":""},"categories":[39],"tags":[],"class_list":["post-19484","post","type-post","status-publish","format-standard","has-post-thumbnail","hentry","category-oznamy"],"acf":[],"_links":{"self":[{"href":"https:\/\/gkmke.sk\/zs\/wp-json\/wp\/v2\/posts\/19484","targetHints":{"allow":["GET"]}}],"collection":[{"href":"https:\/\/gkmke.sk\/zs\/wp-json\/wp\/v2\/posts"}],"about":[{"href":"https:\/\/gkmke.sk\/zs\/wp-json\/wp\/v2\/types\/post"}],"author":[{"embeddable":true,"href":"https:\/\/gkmke.sk\/zs\/wp-json\/wp\/v2\/users\/3"}],"replies":[{"embeddable":true,"href":"https:\/\/gkmke.sk\/zs\/wp-json\/wp\/v2\/comments?post=19484"}],"version-history":[{"count":1,"href":"https:\/\/gkmke.sk\/zs\/wp-json\/wp\/v2\/posts\/19484\/revisions"}],"predecessor-version":[{"id":19490,"href":"https:\/\/gkmke.sk\/zs\/wp-json\/wp\/v2\/posts\/19484\/revisions\/19490"}],"wp:featuredmedia":[{"embeddable":true,"href":"https:\/\/gkmke.sk\/zs\/wp-json\/wp\/v2\/media\/19485"}],"wp:attachment":[{"href":"https:\/\/gkmke.sk\/zs\/wp-json\/wp\/v2\/media?parent=19484"}],"wp:term":[{"taxonomy":"category","embeddable":true,"href":"https:\/\/gkmke.sk\/zs\/wp-json\/wp\/v2\/categories?post=19484"},{"taxonomy":"post_tag","embeddable":true,"href":"https:\/\/gkmke.sk\/zs\/wp-json\/wp\/v2\/tags?post=19484"}],"curies":[{"name":"wp","href":"https:\/\/api.w.org\/{rel}","templated":true}]}}