{"id":19618,"date":"2026-02-04T19:10:33","date_gmt":"2026-02-04T18:10:33","guid":{"rendered":"https:\/\/gkmke.sk\/zs\/?p=19618"},"modified":"2026-02-05T19:18:27","modified_gmt":"2026-02-05T18:18:27","slug":"streda-bude-v-znameni-svetra","status":"publish","type":"post","link":"https:\/\/gkmke.sk\/zs\/streda-bude-v-znameni-svetra\/","title":{"rendered":"Streda bola v znamen\u00ed svetra."},"content":{"rendered":"\t\t<div data-elementor-type=\"wp-post\" data-elementor-id=\"19618\" class=\"elementor elementor-19618\">\n\t\t\t\t<div class=\"elementor-element elementor-element-41962df5 e-flex e-con-boxed e-con e-parent\" data-id=\"41962df5\" data-element_type=\"container\" data-e-type=\"container\">\n\t\t\t\t\t<div class=\"e-con-inner\">\n\t\t\t\t<div class=\"elementor-element elementor-element-6f1743c9 elementor-widget elementor-widget-text-editor\" data-id=\"6f1743c9\" data-element_type=\"widget\" data-e-type=\"widget\" data-widget_type=\"text-editor.default\">\n\t\t\t\t<div class=\"elementor-widget-container\">\n\t\t\t\t\t\t\t\t\t\n<p>Vedeli ste, \u017ee 4. febru\u00e1r je <strong>De\u0148 svetra<\/strong>? Je to <strong>neofici\u00e1lny sviatok<\/strong>, ktor\u00fd reaguje na potrebu h\u013eadania aj jednoduch\u00fdch rie\u0161en\u00ed na zvy\u0161ovanie povedomia o zmene kl\u00edmy.\u00a0 Zapojili sme sa aj my a veru, bolo n\u00e1m vo svetroch ve\u013emi pr\u00edjemne a teplo \ud83d\ude42\u00a0<\/p>\n\n<p>Greenfluencerky <img decoding=\"async\" class=\"alignnone  wp-image-19532\" src=\"https:\/\/gkmke.sk\/zs\/wp-content\/uploads\/sites\/3\/2026\/01\/ZMV_logo_greenfluencerky-1.png\" alt=\"\" width=\"98\" height=\"47\" \/><\/p>\n<p><img fetchpriority=\"high\" decoding=\"async\" class=\"alignnone size-full wp-image-19612\" src=\"https:\/\/gkmke.sk\/zs\/wp-content\/uploads\/sites\/3\/2026\/02\/je-ti-zima.jpg\" alt=\"\" width=\"1080\" height=\"1350\" \/><\/p>\n<p><img decoding=\"async\" class=\"alignnone size-full wp-image-19705\" src=\"https:\/\/gkmke.sk\/zs\/wp-content\/uploads\/sites\/3\/2026\/02\/Den_svetra_foto_ziakov.jpg\" alt=\"\" width=\"1306\" height=\"979\" \/><\/p>\n<p>\u00a0<\/p>\n\t\t\t\t\t\t\t\t<\/div>\n\t\t\t\t<\/div>\n\t\t\t\t\t<\/div>\n\t\t\t\t<\/div>\n\t\t\t\t<\/div>\n\t\t","protected":false},"excerpt":{"rendered":"<p>Vedeli ste, \u017ee 4. febru\u00e1r je De\u0148 svetra? Je to neofici\u00e1lny sviatok, ktor\u00fd reaguje na potrebu h\u013eadania aj jednoduch\u00fdch rie\u0161en\u00ed na zvy\u0161ovanie povedomia o zmene kl\u00edmy.\u00a0 Zapojili sme sa aj my a veru, bolo n\u00e1m vo svetroch ve\u013emi pr\u00edjemne a &hellip; <\/p>\n","protected":false},"author":3,"featured_media":19619,"comment_status":"closed","ping_status":"closed","sticky":false,"template":"","format":"standard","meta":{"_acf_changed":false,"footnotes":""},"categories":[40],"tags":[],"class_list":["post-19618","post","type-post","status-publish","format-standard","has-post-thumbnail","hentry","category-reportaze"],"acf":[],"_links":{"self":[{"href":"https:\/\/gkmke.sk\/zs\/wp-json\/wp\/v2\/posts\/19618","targetHints":{"allow":["GET"]}}],"collection":[{"href":"https:\/\/gkmke.sk\/zs\/wp-json\/wp\/v2\/posts"}],"about":[{"href":"https:\/\/gkmke.sk\/zs\/wp-json\/wp\/v2\/types\/post"}],"author":[{"embeddable":true,"href":"https:\/\/gkmke.sk\/zs\/wp-json\/wp\/v2\/users\/3"}],"replies":[{"embeddable":true,"href":"https:\/\/gkmke.sk\/zs\/wp-json\/wp\/v2\/comments?post=19618"}],"version-history":[{"count":1,"href":"https:\/\/gkmke.sk\/zs\/wp-json\/wp\/v2\/posts\/19618\/revisions"}],"predecessor-version":[{"id":19708,"href":"https:\/\/gkmke.sk\/zs\/wp-json\/wp\/v2\/posts\/19618\/revisions\/19708"}],"wp:featuredmedia":[{"embeddable":true,"href":"https:\/\/gkmke.sk\/zs\/wp-json\/wp\/v2\/media\/19619"}],"wp:attachment":[{"href":"https:\/\/gkmke.sk\/zs\/wp-json\/wp\/v2\/media?parent=19618"}],"wp:term":[{"taxonomy":"category","embeddable":true,"href":"https:\/\/gkmke.sk\/zs\/wp-json\/wp\/v2\/categories?post=19618"},{"taxonomy":"post_tag","embeddable":true,"href":"https:\/\/gkmke.sk\/zs\/wp-json\/wp\/v2\/tags?post=19618"}],"curies":[{"name":"wp","href":"https:\/\/api.w.org\/{rel}","templated":true}]}}