{"id":19709,"date":"2026-02-05T15:17:05","date_gmt":"2026-02-05T14:17:05","guid":{"rendered":"https:\/\/gkmke.sk\/zs\/slova-presiaknute-svetlom\/"},"modified":"2026-02-05T23:04:42","modified_gmt":"2026-02-05T22:04:42","slug":"slova-presiaknute-svetlom","status":"publish","type":"post","link":"https:\/\/gkmke.sk\/zs\/slova-presiaknute-svetlom\/","title":{"rendered":"Slov\u00e1 presiaknut\u00e9 Svetlom"},"content":{"rendered":"\n<p>Vo \u0161tvrtok 5. febru\u00e1ra 2026 sa pod z\u00e1\u0161titou otca biskupa Mareka Forg\u00e1\u010da konal \u010fal\u0161\u00ed ro\u010dn\u00edk recita\u010dnej s\u00fa\u0165a\u017ee &#8230;a Slovo bolo u&nbsp;Boha&#8230; v&nbsp;prednese kres\u0165anskej po\u00e9zie a&nbsp;pr\u00f3zy. Na p\u00f4de Gymn\u00e1zia sv\u00e4t\u00fdch Ko\u0161ick\u00fdch mu\u010den\u00edkov sa stretli \u017eiaci a \u0161tudenti piatich kateg\u00f3ri\u00ed celej Ko\u0161ickej arcidiec\u00e9zy. Podujatie za\u010dalo sl\u00e1vnostnou sv\u00e4tou om\u0161ou, ktor\u00fa celebroval otec biskup spolu s&nbsp;k\u0148azmi z Farnosti Bo\u017eieho milosrdenstva \u2013 KVP. &nbsp;<\/p>\n\n\n<div class=\"wp-block-image\">\n<figure class=\"aligncenter size-full\"><img fetchpriority=\"high\" decoding=\"async\" width=\"438\" height=\"600\" src=\"https:\/\/gkmke.sk\/zs\/wp-content\/uploads\/sites\/3\/2026\/02\/sutaz3.jpg\" alt=\"\" class=\"wp-image-19710\"\/><\/figure><\/div>\n\n\n<p>\u0160tvrtkov\u00fd de\u0148 n\u00e1m poskytol pr\u00edle\u017eitos\u0165 ocitn\u00fa\u0165 sa v&nbsp;spolo\u010dnosti umeleck\u00e9ho slova a&nbsp;mlad\u00fdch \u013eud\u00ed, ktor\u00ed mu venuj\u00fa svoj \u010das, myse\u013e a&nbsp;srdce. Mlad\u00ed interpreti uk\u00e1zali, \u017ee v&nbsp;nich drieme talent a&nbsp;odhodlanie uchopi\u0165 my\u0161lienky autorov, ktor\u00ed prin\u00e1\u0161aj\u00fa do na\u0161ich \u017eivotov t\u00e9my n\u00e1ro\u010dn\u00e9, hlboko \u013eudsk\u00e9 a&nbsp;o&nbsp;to potrebnej\u0161ie.<\/p>\n\n\n<div class=\"wp-block-image\">\n<figure class=\"aligncenter size-full\"><img decoding=\"async\" width=\"446\" height=\"602\" src=\"https:\/\/gkmke.sk\/zs\/wp-content\/uploads\/sites\/3\/2026\/02\/sutaz-4.jpg\" alt=\"\" class=\"wp-image-19711\"\/><\/figure><\/div>\n\n\n<p>Svoj\u00edm prednesom nadchli posluch\u00e1\u010dov pre dobro a\u00a0kr\u00e1su. V\u0161etci do\u0148 vlo\u017eili k\u00fasok seba, svojho sugest\u00edvneho pre\u017e\u00edvania. Po\u010d\u00favanie bolo pr\u00edjemn\u00e9, ale v\u00fdber v\u00ed\u0165azov n\u00e1ro\u010dn\u00fd. Blaho\u017eel\u00e1me v\u0161etk\u00fdm postupuj\u00facim do celoslovensk\u00e9ho kola, ktor\u00e9 sa bude kona\u0165 <strong>28. 3. 2026 <\/strong>(sobota)\u00a0v Spojenej \u0161kole sv. Rodiny na Gercenovej 10 v\u00a0Bratislave.<\/p>\n\n\n\n<figure class=\"wp-block-image size-full\"><img decoding=\"async\" width=\"907\" height=\"591\" src=\"https:\/\/gkmke.sk\/zs\/wp-content\/uploads\/sites\/3\/2026\/02\/sutaz2.jpg\" alt=\"\" class=\"wp-image-19712\"\/><\/figure>\n\n\n\n<p><strong>I. kateg\u00f3ria \u2013 1. a&nbsp;2. ro\u010dn\u00edk Z\u0160 \u2013 po\u00e9zia<\/strong><\/p>\n\n\n\n<p><strong>1. miesto: <\/strong>Vikt\u00f3ria D\u017eurd\u017een\u00edkov\u00e1 (Z\u00e1kladn\u00e1 \u0161kola s&nbsp;materskou \u0161kolou, Sedlisk\u00e1)<strong><\/strong><\/p>\n\n\n\n<p><strong>2. miesto: <\/strong>Noemi Perh\u00e1\u010dov\u00e1 (Z\u0160 sv. Cyrila a&nbsp;Metoda, Ko\u0161ice)<strong><\/strong><\/p>\n\n\n\n<p><strong>3. miesto: <\/strong>Oliver Kom\u00e1r (Spojen\u00e1 \u0161kola, Marku\u0161ovsk\u00e1 cesta, Spi\u0161sk\u00e1 Nov\u00e1 Ves)<strong><\/strong><\/p>\n\n\n\n<p><strong>\u010cestn\u00e9 uznanie:<\/strong> Ant\u00f3nia Dlugo\u0161ov\u00e1 (Cirkevn\u00e1 z\u00e1kladn\u00e1 \u0161kola sv. Demetra, Ra\u017e\u0148any)<\/p>\n\n\n\n<p><\/p>\n\n\n\n<p><strong>I. kateg\u00f3ria \u2013 1. a&nbsp;2. ro\u010dn\u00edk Z\u0160 \u2013 pr\u00f3za<\/strong><\/p>\n\n\n\n<p><strong>1. miesto: <\/strong>Eli\u00e1\u0161 Dvor\u010dak (Cirkevn\u00e1 spojen\u00e1 \u0161kola \u2013 CZ\u0160 sv. Eg\u00eddia, Bardejov)<strong><\/strong><\/p>\n\n\n\n<p><strong>2. miesto: <\/strong>Kristi\u00e1n Han\u010d\u00e1k (Spojen\u00e1 \u0161kola, Marku\u0161ovsk\u00e1 cesta, Spi\u0161sk\u00e1 Nov\u00e1 Ves)<strong><\/strong><\/p>\n\n\n\n<p><strong>3. miesto: <\/strong>Tamara Fabianov\u00e1 (Z\u00e1kladn\u00e1 \u0161kola s&nbsp;materskou \u0161kolou, Sedlisk\u00e1)<strong><\/strong><\/p>\n\n\n\n<p><strong>\u010cestn\u00e9 uznanie: <\/strong>Veronika Borov (Z\u0160 sv. Cyrila a&nbsp;Metoda, Ko\u0161ice)<strong><\/strong><\/p>\n\n\n\n<p><\/p>\n\n\n\n<p><strong>II. kateg\u00f3ria \u2013 3. a&nbsp;4. ro\u010dn\u00edk Z\u0160 \u2013 po\u00e9zia<\/strong><\/p>\n\n\n\n<p><strong>1. miesto: <\/strong>Tobi\u00e1\u0161 Ma\u013ear\u010d\u00edk (Katol\u00edcka spojen\u00e1 \u0161kola sv. Mikul\u00e1\u0161a, Pre\u0161ov)<strong><\/strong><\/p>\n\n\n\n<p><strong>2. miesto: <\/strong>Dominika Barancov\u00e1 (Z\u00e1kladn\u00e1 \u0161kola sv. Ko\u0161ick\u00fdch mu\u010den\u00edkov, Ko\u0161ice)<strong><\/strong><\/p>\n\n\n\n<p><strong>3. miesto: <\/strong>Katar\u00edna Anto\u0161ov\u00e1 (Cirkevn\u00e1 spojen\u00e1 \u0161kola \u2013 CZ\u0160 sv. Eg\u00eddia, Bardejov)<strong><\/strong><\/p>\n\n\n\n<p><\/p>\n\n\n\n<p><strong>II. kateg\u00f3ria \u2013 3. a&nbsp;4. ro\u010dn\u00edk Z\u0160 \u2013 pr\u00f3za<\/strong><\/p>\n\n\n\n<p><strong>1. miesto: <\/strong>Zuzana Mi\u0161en\u010d\u00edkov\u00e1 (Z\u00e1kladn\u00e1 \u0161kola s&nbsp;materskou \u0161kolou, Ko\u0161ice-Kr\u00e1sna)<strong><\/strong><\/p>\n\n\n\n<p><strong>2. miesto: <\/strong>Peter Dankovi\u010d (Cirkevn\u00e1 spojen\u00e1 \u0161kola \u2013 CZ\u0160 sv. Eg\u00eddia, Bardejov)<strong><\/strong><\/p>\n\n\n\n<p><strong>3. miesto: <\/strong>Anna M\u00e1ria Smikov\u00e1 (Spojen\u00e1 \u0161kola, Marku\u0161ovsk\u00e1 cesta, Spi\u0161sk\u00e1 Nov\u00e1 Ves)<strong><\/strong><\/p>\n\n\n\n<p><\/p>\n\n\n\n<p><strong>III. kateg\u00f3ria \u2013 5. a&nbsp;6. ro\u010dn\u00edk Z\u0160 a&nbsp;1. ro\u010dn\u00edk osemro\u010dn\u00fdch gymn\u00e1zi\u00ed \u2013 po\u00e9zia<\/strong><\/p>\n\n\n\n<p><strong>1. miesto: <\/strong>Samuel Konkoly (Z\u0160 sv. Cyrila a&nbsp;Metoda, Ko\u0161ice)<strong><\/strong><\/p>\n\n\n\n<p><strong>2. miesto: <\/strong>Kl\u00e1ra Hala\u010dov\u00e1 (Z\u00e1kladn\u00e1 \u0161kola sv. Ko\u0161ick\u00fdch mu\u010den\u00edkov, Ko\u0161ice)<strong><\/strong><\/p>\n\n\n\n<p><strong>3. miesto: <\/strong>Ester Hvi\u0161\u010dov\u00e1 (Katol\u00edcka spojen\u00e1 \u0161kola sv. Mikul\u00e1\u0161a, Pre\u0161ov)<strong><\/strong><\/p>\n\n\n\n<p><strong>\u010cestn\u00e9 uznanie:<\/strong> Anna Lec\u00e1kov\u00e1 (Cirkevn\u00e1 spojen\u00e1 \u0161kola, Humenn\u00e9)<strong><\/strong><\/p>\n\n\n\n<p><\/p>\n\n\n\n<p><strong>III. kateg\u00f3ria \u2013 5. a&nbsp;6. ro\u010dn\u00edk Z\u0160 a&nbsp;1. ro\u010dn\u00edk osemro\u010dn\u00fdch gymn\u00e1zi\u00ed \u2013 pr\u00f3za<\/strong><\/p>\n\n\n\n<p><strong>1. miesto: <\/strong>Daniela Anna Miliczk\u00e1 (Z\u00e1kladn\u00e1 \u0161kola sv. Ko\u0161ick\u00fdch mu\u010den\u00edkov, Ko\u0161ice)<strong><\/strong><\/p>\n\n\n\n<p><strong>2. miesto: <\/strong>Elena Juh\u00e1sov\u00e1 (Cirkevn\u00e1 z\u00e1kladn\u00e1 \u0161kola s&nbsp;materskou \u0161kolou sv. Faust\u00edny, Bardejov)<strong><\/strong><\/p>\n\n\n\n<p><strong>3. miesto: <\/strong>Lea Ucha\u013eov\u00e1 (Katol\u00edcka spojen\u00e1 \u0161kola sv. Mikul\u00e1\u0161a, Pre\u0161ov)<strong><\/strong><\/p>\n\n\n\n<p><strong>\u010cestn\u00e9 uznanie: <\/strong>Tereza Sabol\u00edkov\u00e1 (Z\u0160 Lipany)<\/p>\n\n\n\n<p><\/p>\n\n\n\n<p><strong>IV. kateg\u00f3ria \u2013 7. a\u017e 9. ro\u010dn\u00edk Z\u0160 a&nbsp;2. a\u017e 4. ro\u010dn\u00edk osemro\u010dn\u00fdch gymn\u00e1zi\u00ed \u2013 po\u00e9zia<\/strong><\/p>\n\n\n\n<p><strong>1. miesto: <\/strong>J\u00falia Majn\u00e1 (Z\u0160 Lipany)<strong><\/strong><\/p>\n\n\n\n<p><strong>2. miesto: <\/strong>Miriam Loncov\u00e1 (Katol\u00edcka spojen\u00e1 \u0161kola sv. Mikul\u00e1\u0161a, Pre\u0161ov)<strong><\/strong><\/p>\n\n\n\n<p><strong>3. miesto: <\/strong>M\u00e1ria Am\u00e1lia Pavl\u00edkov\u00e1 (Z\u00e1kladn\u00e1 \u0161kola s&nbsp;materskou \u0161kolou, Ko\u0161ice-Kr\u00e1sna)<strong><\/strong><\/p>\n\n\n\n<p><strong>\u010cestn\u00e9 uznanie: <\/strong>Lucia Sajkov\u00e1 (Gymn\u00e1zium sv. E. Steinovej, Ko\u0161ice)<strong><\/strong><\/p>\n\n\n\n<p><\/p>\n\n\n\n<p><strong>IV. kateg\u00f3ria \u2013 7. a&nbsp;9. ro\u010dn\u00edk Z\u0160 a&nbsp;2. a\u017e 4. ro\u010dn\u00edk osemro\u010dn\u00fdch gymn\u00e1zi\u00ed \u2013 pr\u00f3za<\/strong><\/p>\n\n\n\n<p><strong>1. miesto: <\/strong>D\u00e1vid Baloga (Z\u0160 sv. J\u00e1na Krstite\u013ea, Spi\u0161sk\u00e9 Vlachy)<strong><\/strong><\/p>\n\n\n\n<p><strong>2. miesto: <\/strong>Alena Dzurd\u017een\u00edkov\u00e1 (Z\u00e1kladn\u00e1 \u0161kola sv. Ko\u0161ick\u00fdch mu\u010den\u00edkov, Ko\u0161ice)<strong><\/strong><\/p>\n\n\n\n<p><strong>3. miesto: <\/strong>Radka Rev\u00e1kov\u00e1 (Gymn\u00e1zium sv. E. Steinovej, Ko\u0161ice)<strong><\/strong><\/p>\n\n\n\n<p><\/p>\n\n\n\n<p><strong>V. kateg\u00f3ria \u2013 stredn\u00e9 \u0161koly \u2013 po\u00e9zia<\/strong><\/p>\n\n\n\n<p><strong>1. miesto: <\/strong>S\u00e1ra Bariov\u00e1 (Gymn\u00e1zium sv. Ko\u0161ick\u00fdch mu\u010den\u00edkov, Ko\u0161ice)<strong><\/strong><\/p>\n\n\n\n<p><strong>2. miesto: <\/strong>Veronika Lec\u00e1kov\u00e1 (Cirkevn\u00e1 spojen\u00e1 \u0161kola, Humenn\u00e9)<strong><\/strong><\/p>\n\n\n\n<p><strong>3. miesto: <\/strong>Zuzana Rondz\u00edkov\u00e1 (Gymn\u00e1zium sv. J. Bosca, Bardejov)<strong><\/strong><\/p>\n\n\n\n<p><\/p>\n\n\n\n<p><strong>V. kateg\u00f3ria \u2013 stredn\u00e9 \u0161koly \u2013 pr\u00f3za<\/strong><\/p>\n\n\n\n<p><strong>1. miesto: <\/strong>Miroslava Ba\u010d\u00edkov\u00e1 (Gymn\u00e1zium E. Steinovej, Ko\u0161ice)<strong><\/strong><\/p>\n\n\n\n<p><\/p>\n\n\n\n<p><a href=\"https:\/\/eu.zonerama.com\/gkmke\/Album\/14676525\" target=\"_blank\" rel=\"noreferrer noopener\">Fotogal\u00e9ria<\/a><\/p>\n","protected":false},"excerpt":{"rendered":"<p>Vo \u0161tvrtok 5. febru\u00e1ra 2026 sa pod z\u00e1\u0161titou otca biskupa Mareka Forg\u00e1\u010da konal \u010fal\u0161\u00ed ro\u010dn\u00edk recita\u010dnej s\u00fa\u0165a\u017ee &#8230;a Slovo bolo u&nbsp;Boha&#8230; v&nbsp;prednese kres\u0165anskej po\u00e9zie a&nbsp;pr\u00f3zy. Na p\u00f4de Gymn\u00e1zia sv\u00e4t\u00fdch Ko\u0161ick\u00fdch mu\u010den\u00edkov sa stretli \u017eiaci a \u0161tudenti piatich kateg\u00f3ri\u00ed celej Ko\u0161ickej &hellip; <\/p>\n","protected":false},"author":2,"featured_media":19713,"comment_status":"closed","ping_status":"closed","sticky":false,"template":"","format":"standard","meta":{"_acf_changed":false,"footnotes":""},"categories":[40,55,52],"tags":[],"class_list":["post-19709","post","type-post","status-publish","format-standard","has-post-thumbnail","hentry","category-reportaze","category-slovensky-jazyk","category-uspechy"],"acf":[],"_links":{"self":[{"href":"https:\/\/gkmke.sk\/zs\/wp-json\/wp\/v2\/posts\/19709","targetHints":{"allow":["GET"]}}],"collection":[{"href":"https:\/\/gkmke.sk\/zs\/wp-json\/wp\/v2\/posts"}],"about":[{"href":"https:\/\/gkmke.sk\/zs\/wp-json\/wp\/v2\/types\/post"}],"author":[{"embeddable":true,"href":"https:\/\/gkmke.sk\/zs\/wp-json\/wp\/v2\/users\/2"}],"replies":[{"embeddable":true,"href":"https:\/\/gkmke.sk\/zs\/wp-json\/wp\/v2\/comments?post=19709"}],"version-history":[{"count":1,"href":"https:\/\/gkmke.sk\/zs\/wp-json\/wp\/v2\/posts\/19709\/revisions"}],"predecessor-version":[{"id":19730,"href":"https:\/\/gkmke.sk\/zs\/wp-json\/wp\/v2\/posts\/19709\/revisions\/19730"}],"wp:featuredmedia":[{"embeddable":true,"href":"https:\/\/gkmke.sk\/zs\/wp-json\/wp\/v2\/media\/19713"}],"wp:attachment":[{"href":"https:\/\/gkmke.sk\/zs\/wp-json\/wp\/v2\/media?parent=19709"}],"wp:term":[{"taxonomy":"category","embeddable":true,"href":"https:\/\/gkmke.sk\/zs\/wp-json\/wp\/v2\/categories?post=19709"},{"taxonomy":"post_tag","embeddable":true,"href":"https:\/\/gkmke.sk\/zs\/wp-json\/wp\/v2\/tags?post=19709"}],"curies":[{"name":"wp","href":"https:\/\/api.w.org\/{rel}","templated":true}]}}