{"id":20152,"date":"2026-04-09T23:11:56","date_gmt":"2026-04-09T21:11:56","guid":{"rendered":"https:\/\/gkmke.sk\/zs\/?p=20152"},"modified":"2026-04-14T20:01:23","modified_gmt":"2026-04-14T18:01:23","slug":"d-e-t-i-2","status":"publish","type":"post","link":"https:\/\/gkmke.sk\/zs\/d-e-t-i-2\/","title":{"rendered":"D.E.T.I."},"content":{"rendered":"\t\t<div data-elementor-type=\"wp-post\" data-elementor-id=\"20152\" class=\"elementor elementor-20152\">\n\t\t\t\t<div class=\"elementor-element elementor-element-4ba2c55a e-flex e-con-boxed e-con e-parent\" data-id=\"4ba2c55a\" data-element_type=\"container\" data-e-type=\"container\">\n\t\t\t\t\t<div class=\"e-con-inner\">\n\t\t\t\t<div class=\"elementor-element elementor-element-692705dc elementor-widget elementor-widget-text-editor\" data-id=\"692705dc\" data-element_type=\"widget\" data-e-type=\"widget\" data-widget_type=\"text-editor.default\">\n\t\t\t\t<div class=\"elementor-widget-container\">\n\t\t\t\t\t\t\t\t\t\n<p data-start=\"138\" data-end=\"386\">So \u017eiakmi 8. ro\u010dn\u00edka sme sa z\u00fa\u010dastnili podujatia Dni energi\u00ed, techniky a inov\u00e1ci\u00ed (D.E.T.I.), ktor\u00e9 u\u017e nieko\u013eko rokov \u00faspe\u0161ne organizuje Stredn\u00e1 priemyseln\u00e1 \u0161kola elektrotechnick\u00e1 v Ko\u0161iciach. Po kr\u00e1tkom predstaven\u00ed \u0161koly p\u00e1nom riadite\u013eom u\u017e \u010fal\u0161\u00ed program uv\u00e1dzali samotn\u00ed \u0161tudenti \u0161koly, \u010do p\u00f4sobilo ve\u013emi prirodzene a autenticky.<\/p>\n<p data-start=\"388\" data-end=\"765\">Hlavnou \u010das\u0165ou bola prezent\u00e1cia o alternat\u00edvnych zdrojoch energie. \u017diaci sa dozvedeli nielen o ich v\u00fdhod\u00e1ch a v\u00fdzname pre bud\u00facnos\u0165, ale aj o ich nev\u00fdhod\u00e1ch \u2013 najm\u00e4 o ekologickej z\u00e1\u0165a\u017ei pre \u017eivotn\u00e9 prostredie a probl\u00e9moch spojen\u00fdch s ich likvid\u00e1ciou. T\u00e1to \u010das\u0165 bola podnetn\u00e1 a viedla aj k zamysleniu nad t\u00fdm, \u017ee nie ka\u017ed\u00e9 \u201eekologick\u00e9\u201c rie\u0161enie je \u00faplne bez negat\u00edvnych dopadov.<\/p>\n<p data-start=\"767\" data-end=\"965\">Zauj\u00edmav\u00e1 bola aj uk\u00e1\u017eka firmy Magna, ktor\u00e1 so \u0161kolou spolupracuje a pon\u00faka \u0161tudentom mo\u017enos\u0165 absolvova\u0165 dvojt\u00fd\u017ed\u0148ov\u00fa prax. \u017diaci tak mali mo\u017enos\u0165 vidie\u0165 prepojenie \u0161koly s re\u00e1lnym pracovn\u00fdm prostred\u00edm.<\/p>\n<p data-start=\"967\" data-end=\"1226\">\u0160tudenti \u0161koly \u00fa\u010dastn\u00edkom predstavili svoje SO\u010c projekty. Tie zah\u0155\u0148ali r\u00f4zne technick\u00e9 rie\u0161enia \u2013 od pr\u00e1ce s hardv\u00e9rom a elektronikou a\u017e po naprogramovan\u00e9 aplik\u00e1cie, ktor\u00e9 m\u00f4\u017eu ma\u0165 praktick\u00e9 vyu\u017eitie v ka\u017edodennom \u017eivote, \u010di u\u017e pre t\u00edned\u017eerov alebo star\u0161\u00edch \u013eud\u00ed.<\/p>\n<p data-start=\"1228\" data-end=\"1425\">S\u00fa\u010das\u0165ou programu bol aj kv\u00edz v aplik\u00e1cii Kahoot, v ktorom si na\u0161i \u00f4smaci overili, ako pozorne po\u010d\u00favali, ale aj svoje vedomosti z pr\u00edrodovedn\u00fdch predmetov. Nech\u00fdbalo nad\u0161enie ani zdrav\u00e1 s\u00fa\u0165a\u017eivos\u0165.<\/p>\n<p data-start=\"1427\" data-end=\"1541\">\u017diakom sa podujatie p\u00e1\u010dilo, bolo pr\u00ednosn\u00e9 a ver\u00edme, \u017ee im pon\u00faklo re\u00e1lnej\u0161\u00ed poh\u013ead na \u0161t\u00fadium technick\u00fdch odborov.<\/p>\n<p data-start=\"1427\" data-end=\"1541\"><img fetchpriority=\"high\" decoding=\"async\" class=\"alignnone wp-image-20155 size-full\" src=\"https:\/\/gkmke.sk\/zs\/wp-content\/uploads\/sites\/3\/2026\/04\/20260409_083748-e1776189655540.jpg\" alt=\"\" width=\"803\" height=\"750\" srcset=\"https:\/\/gkmke.sk\/zs\/wp-content\/uploads\/sites\/3\/2026\/04\/20260409_083748-e1776189655540.jpg 803w, https:\/\/gkmke.sk\/zs\/wp-content\/uploads\/sites\/3\/2026\/04\/20260409_083748-e1776189655540-300x280.jpg 300w, https:\/\/gkmke.sk\/zs\/wp-content\/uploads\/sites\/3\/2026\/04\/20260409_083748-e1776189655540-768x717.jpg 768w\" sizes=\"(max-width: 803px) 100vw, 803px\" \/><\/p>\n<p data-start=\"1427\" data-end=\"1541\">Text a foto: Ing. Lucia Palkov\u00e1<\/p>\n\t\t\t\t\t\t\t\t<\/div>\n\t\t\t\t<\/div>\n\t\t\t\t\t<\/div>\n\t\t\t\t<\/div>\n\t\t\t\t<\/div>\n\t\t","protected":false},"excerpt":{"rendered":"<p>So \u017eiakmi 8. ro\u010dn\u00edka sme sa z\u00fa\u010dastnili podujatia Dni energi\u00ed, techniky a inov\u00e1ci\u00ed (D.E.T.I.), ktor\u00e9 u\u017e nieko\u013eko rokov \u00faspe\u0161ne organizuje Stredn\u00e1 priemyseln\u00e1 \u0161kola elektrotechnick\u00e1 v Ko\u0161iciach. Po kr\u00e1tkom predstaven\u00ed \u0161koly p\u00e1nom riadite\u013eom u\u017e \u010fal\u0161\u00ed program uv\u00e1dzali samotn\u00ed \u0161tudenti \u0161koly, \u010do &hellip; <\/p>\n","protected":false},"author":3,"featured_media":20153,"comment_status":"closed","ping_status":"closed","sticky":false,"template":"","format":"standard","meta":{"_acf_changed":false,"footnotes":""},"categories":[40],"tags":[],"class_list":["post-20152","post","type-post","status-publish","format-standard","has-post-thumbnail","hentry","category-reportaze"],"acf":[],"_links":{"self":[{"href":"https:\/\/gkmke.sk\/zs\/wp-json\/wp\/v2\/posts\/20152","targetHints":{"allow":["GET"]}}],"collection":[{"href":"https:\/\/gkmke.sk\/zs\/wp-json\/wp\/v2\/posts"}],"about":[{"href":"https:\/\/gkmke.sk\/zs\/wp-json\/wp\/v2\/types\/post"}],"author":[{"embeddable":true,"href":"https:\/\/gkmke.sk\/zs\/wp-json\/wp\/v2\/users\/3"}],"replies":[{"embeddable":true,"href":"https:\/\/gkmke.sk\/zs\/wp-json\/wp\/v2\/comments?post=20152"}],"version-history":[{"count":1,"href":"https:\/\/gkmke.sk\/zs\/wp-json\/wp\/v2\/posts\/20152\/revisions"}],"predecessor-version":[{"id":20161,"href":"https:\/\/gkmke.sk\/zs\/wp-json\/wp\/v2\/posts\/20152\/revisions\/20161"}],"wp:featuredmedia":[{"embeddable":true,"href":"https:\/\/gkmke.sk\/zs\/wp-json\/wp\/v2\/media\/20153"}],"wp:attachment":[{"href":"https:\/\/gkmke.sk\/zs\/wp-json\/wp\/v2\/media?parent=20152"}],"wp:term":[{"taxonomy":"category","embeddable":true,"href":"https:\/\/gkmke.sk\/zs\/wp-json\/wp\/v2\/categories?post=20152"},{"taxonomy":"post_tag","embeddable":true,"href":"https:\/\/gkmke.sk\/zs\/wp-json\/wp\/v2\/tags?post=20152"}],"curies":[{"name":"wp","href":"https:\/\/api.w.org\/{rel}","templated":true}]}}