{"id":20167,"date":"2026-04-17T22:38:00","date_gmt":"2026-04-17T20:38:00","guid":{"rendered":"https:\/\/gkmke.sk\/zs\/pohybom-k-pohode\/"},"modified":"2026-04-17T22:38:00","modified_gmt":"2026-04-17T20:38:00","slug":"pohybom-k-pohode","status":"publish","type":"post","link":"https:\/\/gkmke.sk\/zs\/pohybom-k-pohode\/","title":{"rendered":"Pohybom k pohode"},"content":{"rendered":"\n<p><\/p>\n\n\n\n<p>Na\u0161a \u0161kola je zapojen\u00e1 do n\u00e1rodn\u00e9ho projektu <strong>Pohybom k pohode <\/strong>s konceptom<strong> Akt\u00edvna \u0161kola<\/strong>, ktor\u00fd reaguje na alarmuj\u00faci nedostatok pohybu u det\u00ed na Slovensku a zhor\u0161uj\u00faci sa stav ich fyzick\u00e9ho aj du\u0161evn\u00e9ho zdravia. <\/p>\n\n\n\n<p>V stredu 15. apr\u00edla 2026 na\u0161i u\u010ditelia absolvovali \u00favodn\u00e9 predstavenie tohto projektu.<\/p>\n\n\n<div class=\"wp-block-image\">\n<figure class=\"aligncenter size-full\"><img fetchpriority=\"high\" decoding=\"async\" width=\"1600\" height=\"1200\" src=\"https:\/\/gkmke.sk\/zs\/wp-content\/uploads\/sites\/3\/2026\/04\/20260415_074431.jpg\" alt=\"\" class=\"wp-image-20170\"\/><\/figure><\/div>\n\n\n<figure class=\"wp-block-image size-full\"><img decoding=\"async\" width=\"1600\" height=\"1200\" src=\"https:\/\/gkmke.sk\/zs\/wp-content\/uploads\/sites\/3\/2026\/04\/20260415_075319.jpg\" alt=\"\" class=\"wp-image-20168\"\/><\/figure>\n\n\n\n<p>Viac o projekte sa dozviete na webe ministerstva \u0161kolstva: <a href=\"https:\/\/nivam.sk\/pohybom-k-pohode-s-konceptom-aktivna-skola\/\" target=\"_blank\" rel=\"noreferrer noopener\">https:\/\/www.minedu.shttps:\/\/nivam.sk\/pohybom-k-pohode-s-konceptom-aktivna-skola\/<\/a> <\/p>\n\n\n\n<p>na webe projektu Akt\u00edvna \u0161kola: <a href=\"https:\/\/aktivnaskola.sk\/\" target=\"_blank\" rel=\"noreferrer noopener\">https:\/\/aktivnaskola.sk\/<\/a><\/p>\n\n\n\n<p>a \u010doskoro aj od svojich vyu\u010duj\u00facich.<\/p>\n","protected":false},"excerpt":{"rendered":"<p>Na\u0161a \u0161kola je zapojen\u00e1 do n\u00e1rodn\u00e9ho projektu Pohybom k pohode s konceptom Akt\u00edvna \u0161kola, ktor\u00fd reaguje na alarmuj\u00faci nedostatok pohybu u det\u00ed na Slovensku a zhor\u0161uj\u00faci sa stav ich fyzick\u00e9ho aj du\u0161evn\u00e9ho zdravia. V stredu 15. apr\u00edla 2026 na\u0161i u\u010ditelia &hellip; <\/p>\n","protected":false},"author":2,"featured_media":20171,"comment_status":"closed","ping_status":"closed","sticky":false,"template":"","format":"standard","meta":{"_acf_changed":false,"footnotes":""},"categories":[57,40,56],"tags":[],"class_list":["post-20167","post","type-post","status-publish","format-standard","has-post-thumbnail","hentry","category-aktivna-skola","category-reportaze","category-sport"],"acf":[],"_links":{"self":[{"href":"https:\/\/gkmke.sk\/zs\/wp-json\/wp\/v2\/posts\/20167","targetHints":{"allow":["GET"]}}],"collection":[{"href":"https:\/\/gkmke.sk\/zs\/wp-json\/wp\/v2\/posts"}],"about":[{"href":"https:\/\/gkmke.sk\/zs\/wp-json\/wp\/v2\/types\/post"}],"author":[{"embeddable":true,"href":"https:\/\/gkmke.sk\/zs\/wp-json\/wp\/v2\/users\/2"}],"replies":[{"embeddable":true,"href":"https:\/\/gkmke.sk\/zs\/wp-json\/wp\/v2\/comments?post=20167"}],"version-history":[{"count":1,"href":"https:\/\/gkmke.sk\/zs\/wp-json\/wp\/v2\/posts\/20167\/revisions"}],"predecessor-version":[{"id":20172,"href":"https:\/\/gkmke.sk\/zs\/wp-json\/wp\/v2\/posts\/20167\/revisions\/20172"}],"wp:featuredmedia":[{"embeddable":true,"href":"https:\/\/gkmke.sk\/zs\/wp-json\/wp\/v2\/media\/20171"}],"wp:attachment":[{"href":"https:\/\/gkmke.sk\/zs\/wp-json\/wp\/v2\/media?parent=20167"}],"wp:term":[{"taxonomy":"category","embeddable":true,"href":"https:\/\/gkmke.sk\/zs\/wp-json\/wp\/v2\/categories?post=20167"},{"taxonomy":"post_tag","embeddable":true,"href":"https:\/\/gkmke.sk\/zs\/wp-json\/wp\/v2\/tags?post=20167"}],"curies":[{"name":"wp","href":"https:\/\/api.w.org\/{rel}","templated":true}]}}