{"id":20214,"date":"2026-04-24T20:06:16","date_gmt":"2026-04-24T18:06:16","guid":{"rendered":"https:\/\/gkmke.sk\/zs\/?p=20214"},"modified":"2026-04-24T20:13:40","modified_gmt":"2026-04-24T18:13:40","slug":"kvp-ocami-mladych","status":"publish","type":"post","link":"https:\/\/gkmke.sk\/zs\/kvp-ocami-mladych\/","title":{"rendered":"KVP o\u010dami mlad\u00fdch"},"content":{"rendered":"\t\t<div data-elementor-type=\"wp-post\" data-elementor-id=\"20214\" class=\"elementor elementor-20214\">\n\t\t\t\t<div class=\"elementor-element elementor-element-501e721d e-flex e-con-boxed e-con e-parent\" data-id=\"501e721d\" data-element_type=\"container\" data-e-type=\"container\">\n\t\t\t\t\t<div class=\"e-con-inner\">\n\t\t\t\t<div class=\"elementor-element elementor-element-1fbe8aeb elementor-widget elementor-widget-text-editor\" data-id=\"1fbe8aeb\" data-element_type=\"widget\" data-e-type=\"widget\" data-widget_type=\"text-editor.default\">\n\t\t\t\t<div class=\"elementor-widget-container\">\n\t\t\t\t\t\t\t\t\t\n<p data-start=\"0\" data-end=\"243\">Ako vidia svoje s\u00eddlisko t\u00ed, ktor\u00ed v \u0148om \u017eij\u00fa ka\u017ed\u00fd de\u0148? Aj na t\u00fato ot\u00e1zku h\u013eadal odpove\u010f workshop \u201eKVP o\u010dami mlad\u00fdch\u201c, ktor\u00fd sa konal 21. 4. 2026 a s podnetom pri\u0161iel starosta M\u010c KVP. Z\u00fa\u010dastnilo sa ho 18 \u017eiakov z 9. ro\u010dn\u00edka a gymn\u00e1zia \u2013 najm\u00e4 t\u00fdch, ktor\u00ed na s\u00eddlisku aj b\u00fdvaj\u00fa.<\/p>\n<p data-start=\"245\" data-end=\"619\">Po\u010das stretnutia mali mo\u017enos\u0165 otvorene hovori\u0165 o tom, \u010do sa im na s\u00eddlisku p\u00e1\u010di, kde sa c\u00edtia bezpe\u010dne, ale aj o miestach, ktor\u00fdm sa rad\u0161ej vyh\u00fdbaj\u00fa. Najd\u00f4le\u017eitej\u0161ie v\u0161ak bolo, \u017ee mohli pr\u00eds\u0165 s vlastn\u00fdmi n\u00e1padmi na zmeny. Svoje postrehy zaznamen\u00e1vali priamo do mapy pomocou r\u00f4znych farieb a v \u010fal\u0161ej aktivite zapisovali konkr\u00e9tne n\u00e1vrhy, ako by sa dalo prostredie zlep\u0161i\u0165.<\/p>\n<p data-start=\"621\" data-end=\"959\">Cel\u00e9 stretnutie bolo ve\u013emi in\u0161pirat\u00edvne a malo skuto\u010dn\u00fd zmysel. Ve\u013ek\u00fdm pozit\u00edvom bolo, \u017ee o n\u00e1zory mlad\u00fdch \u013eud\u00ed sa akt\u00edvne zauj\u00edmal aj starosta mestskej \u010dasti. Aj v\u010faka tomu ver\u00edme, \u017ee n\u00e1pady nezostan\u00fa len na papieri. U\u017e teraz je vidie\u0165, \u017ee s\u00eddlisko sa postupne men\u00ed \u2013 prib\u00fadaj\u00fa \u0161portovisk\u00e1, oddychov\u00e9 z\u00f3ny a prebieha jeho moderniz\u00e1cia.<\/p>\n<p data-start=\"961\" data-end=\"1003\" data-is-last-node=\"\" data-is-only-node=\"\">\u010eakujeme za zauj\u00edmav\u00fa &#8222;hodinku&#8220;, ktor\u00e1 n\u00e1s s\u00edce najsk\u00f4r prekvapila ale to, \u017ee sa dospel\u00ed zauj\u00edmali o n\u00e1\u0161 n\u00e1zor, to vyv\u00e1\u017eilo \ud83d\ude42<\/p>\n<p data-start=\"961\" data-end=\"1003\" data-is-last-node=\"\" data-is-only-node=\"\"><em>Workshopu sa z\u00fa\u010dastnili \u017eiaci 9.A a \u0161tudenti gymn\u00e1zia<\/em><\/p>\n<p>\u00a0<\/p>\n<p><img fetchpriority=\"high\" decoding=\"async\" class=\"alignnone size-full wp-image-20217\" src=\"https:\/\/gkmke.sk\/zs\/wp-content\/uploads\/sites\/3\/2026\/04\/Starosta5.jpg\" alt=\"\" width=\"1600\" height=\"1200\" \/><\/p>\n<p><img decoding=\"async\" class=\"alignnone size-full wp-image-20218\" src=\"https:\/\/gkmke.sk\/zs\/wp-content\/uploads\/sites\/3\/2026\/04\/Starosta4.jpg\" alt=\"\" width=\"1200\" height=\"1600\" \/><\/p>\n<p><img decoding=\"async\" class=\"alignnone size-full wp-image-20220\" src=\"https:\/\/gkmke.sk\/zs\/wp-content\/uploads\/sites\/3\/2026\/04\/Starosta2.jpg\" alt=\"\" width=\"1200\" height=\"1600\" \/><\/p>\n<p><img loading=\"lazy\" decoding=\"async\" class=\"alignnone size-full wp-image-20219\" src=\"https:\/\/gkmke.sk\/zs\/wp-content\/uploads\/sites\/3\/2026\/04\/Starosta3.jpg\" alt=\"\" width=\"1200\" height=\"1600\" \/><\/p>\n\t\t\t\t\t\t\t\t<\/div>\n\t\t\t\t<\/div>\n\t\t\t\t\t<\/div>\n\t\t\t\t<\/div>\n\t\t\t\t<\/div>\n\t\t","protected":false},"excerpt":{"rendered":"<p>Ako vidia svoje s\u00eddlisko t\u00ed, ktor\u00ed v \u0148om \u017eij\u00fa ka\u017ed\u00fd de\u0148? Aj na t\u00fato ot\u00e1zku h\u013eadal odpove\u010f workshop \u201eKVP o\u010dami mlad\u00fdch\u201c, ktor\u00fd sa konal 21. 4. 2026 a s podnetom pri\u0161iel starosta M\u010c KVP. Z\u00fa\u010dastnilo sa ho 18 \u017eiakov z &hellip; <\/p>\n","protected":false},"author":3,"featured_media":20215,"comment_status":"closed","ping_status":"closed","sticky":false,"template":"","format":"standard","meta":{"_acf_changed":false,"footnotes":""},"categories":[40],"tags":[],"class_list":["post-20214","post","type-post","status-publish","format-standard","has-post-thumbnail","hentry","category-reportaze"],"acf":[],"_links":{"self":[{"href":"https:\/\/gkmke.sk\/zs\/wp-json\/wp\/v2\/posts\/20214","targetHints":{"allow":["GET"]}}],"collection":[{"href":"https:\/\/gkmke.sk\/zs\/wp-json\/wp\/v2\/posts"}],"about":[{"href":"https:\/\/gkmke.sk\/zs\/wp-json\/wp\/v2\/types\/post"}],"author":[{"embeddable":true,"href":"https:\/\/gkmke.sk\/zs\/wp-json\/wp\/v2\/users\/3"}],"replies":[{"embeddable":true,"href":"https:\/\/gkmke.sk\/zs\/wp-json\/wp\/v2\/comments?post=20214"}],"version-history":[{"count":1,"href":"https:\/\/gkmke.sk\/zs\/wp-json\/wp\/v2\/posts\/20214\/revisions"}],"predecessor-version":[{"id":20223,"href":"https:\/\/gkmke.sk\/zs\/wp-json\/wp\/v2\/posts\/20214\/revisions\/20223"}],"wp:featuredmedia":[{"embeddable":true,"href":"https:\/\/gkmke.sk\/zs\/wp-json\/wp\/v2\/media\/20215"}],"wp:attachment":[{"href":"https:\/\/gkmke.sk\/zs\/wp-json\/wp\/v2\/media?parent=20214"}],"wp:term":[{"taxonomy":"category","embeddable":true,"href":"https:\/\/gkmke.sk\/zs\/wp-json\/wp\/v2\/categories?post=20214"},{"taxonomy":"post_tag","embeddable":true,"href":"https:\/\/gkmke.sk\/zs\/wp-json\/wp\/v2\/tags?post=20214"}],"curies":[{"name":"wp","href":"https:\/\/api.w.org\/{rel}","templated":true}]}}