{"id":20232,"date":"2026-04-27T21:48:23","date_gmt":"2026-04-27T19:48:23","guid":{"rendered":"https:\/\/gkmke.sk\/zs\/letna-akademia\/"},"modified":"2026-04-27T21:48:23","modified_gmt":"2026-04-27T19:48:23","slug":"letna-akademia","status":"publish","type":"post","link":"https:\/\/gkmke.sk\/zs\/letna-akademia\/","title":{"rendered":"Letn\u00e1 akad\u00e9mia"},"content":{"rendered":"\n<p>V\u00e1\u017een\u00ed rodi\u010dia,<\/p>\n\n\n\n<p>v term\u00edne od <strong>30.6. do 3.7.2026<\/strong> organizujeme <strong>Letn\u00fa akad\u00e9miu <\/strong>formou v\u00fdletov a aktiv\u00edt v \u0161kole v \u010dasoch od <strong>7.30 do 16.00 h<\/strong> pre \u017eiakov <strong>1. &#8211; 6. ro\u010dn\u00edka z\u00e1kladnej \u0161koly.<\/strong>  Poplatok vr\u00e1tane stravy za akad\u00e9miu je <strong>80 eur<\/strong>. Je potrebn\u00e9 uhradi\u0165 ho hotovostne na sekretari\u00e1te \u0161koly do 29.05.2026. <\/p>\n\n\n\n<p>V pr\u00edpade z\u00e1ujmu o letn\u00fa akad\u00e9miu pros\u00edme o vyplnenie formul\u00e1ra: <a href=\"https:\/\/forms.cloud.microsoft\/e\/9cZxFhSGhV\" target=\"_blank\" rel=\"noopener\">https:\/\/forms.cloud.microsoft\/e\/9cZxFhSGhV<\/a><\/p>\n\n\n\n<p>Prihlasovanie prebieha rovnako do 29.05.2026.  Bli\u017e\u0161ie inform\u00e1cie s\u00fa aj v prilo\u017eenom plag\u00e1te. Po uzavret\u00ed prihlasovania V\u00e1m bud\u00fa zaslan\u00e9 detailn\u00e9 inform\u00e1cie o re\u017eime ka\u017ed\u00e9ho d\u0148a Letnej akad\u00e9mie. <\/p>\n\n\n<div class=\"wp-block-image\">\n<figure class=\"aligncenter size-full\"><img fetchpriority=\"high\" decoding=\"async\" width=\"1131\" height=\"1600\" src=\"https:\/\/gkmke.sk\/zs\/wp-content\/uploads\/sites\/3\/2026\/04\/Letna-4.jpg\" alt=\"\" class=\"wp-image-20234\"\/><\/figure><\/div>\n\n\n<p><\/p>\n","protected":false},"excerpt":{"rendered":"<p>V\u00e1\u017een\u00ed rodi\u010dia, v term\u00edne od 30.6. do 3.7.2026 organizujeme Letn\u00fa akad\u00e9miu formou v\u00fdletov a aktiv\u00edt v \u0161kole v \u010dasoch od 7.30 do 16.00 h pre \u017eiakov 1. &#8211; 6. ro\u010dn\u00edka z\u00e1kladnej \u0161koly. Poplatok vr\u00e1tane stravy za akad\u00e9miu je 80 eur. &hellip; <\/p>\n","protected":false},"author":2,"featured_media":20233,"comment_status":"closed","ping_status":"closed","sticky":false,"template":"","format":"standard","meta":{"_acf_changed":false,"footnotes":""},"categories":[39],"tags":[],"class_list":["post-20232","post","type-post","status-publish","format-standard","has-post-thumbnail","hentry","category-oznamy"],"acf":[],"_links":{"self":[{"href":"https:\/\/gkmke.sk\/zs\/wp-json\/wp\/v2\/posts\/20232","targetHints":{"allow":["GET"]}}],"collection":[{"href":"https:\/\/gkmke.sk\/zs\/wp-json\/wp\/v2\/posts"}],"about":[{"href":"https:\/\/gkmke.sk\/zs\/wp-json\/wp\/v2\/types\/post"}],"author":[{"embeddable":true,"href":"https:\/\/gkmke.sk\/zs\/wp-json\/wp\/v2\/users\/2"}],"replies":[{"embeddable":true,"href":"https:\/\/gkmke.sk\/zs\/wp-json\/wp\/v2\/comments?post=20232"}],"version-history":[{"count":1,"href":"https:\/\/gkmke.sk\/zs\/wp-json\/wp\/v2\/posts\/20232\/revisions"}],"predecessor-version":[{"id":20235,"href":"https:\/\/gkmke.sk\/zs\/wp-json\/wp\/v2\/posts\/20232\/revisions\/20235"}],"wp:featuredmedia":[{"embeddable":true,"href":"https:\/\/gkmke.sk\/zs\/wp-json\/wp\/v2\/media\/20233"}],"wp:attachment":[{"href":"https:\/\/gkmke.sk\/zs\/wp-json\/wp\/v2\/media?parent=20232"}],"wp:term":[{"taxonomy":"category","embeddable":true,"href":"https:\/\/gkmke.sk\/zs\/wp-json\/wp\/v2\/categories?post=20232"},{"taxonomy":"post_tag","embeddable":true,"href":"https:\/\/gkmke.sk\/zs\/wp-json\/wp\/v2\/tags?post=20232"}],"curies":[{"name":"wp","href":"https:\/\/api.w.org\/{rel}","templated":true}]}}