{"id":8131,"date":"2024-09-06T21:02:12","date_gmt":"2024-09-06T19:02:12","guid":{"rendered":"https:\/\/gkmke.sk\/zstemp\/?p=8131"},"modified":"2024-09-06T21:02:12","modified_gmt":"2024-09-06T19:02:12","slug":"smolkovia-vitali-prvacikov","status":"publish","type":"post","link":"https:\/\/gkmke.sk\/zs\/smolkovia-vitali-prvacikov\/","title":{"rendered":"Ako \u0160molkovia v\u00edtali prv\u00e1\u010dikov"},"content":{"rendered":"<p>V prv\u00fd septembrov\u00fd piatok (6.9.2024), na sl\u00e1vnos\u0165 sv. Ko\u0161ick\u00fdch mu\u010den\u00edkov, sa po sv. om\u0161i na\u0161i prv\u00e1ci stretli so \u0160molkami a \u0160moulinkami <em>(na\u0161e \u017eia\u010dky 9.ro\u010dn\u00edka)<\/em> v telocvi\u010dni. Prv\u00e1\u010dikovia mali zisti\u0165, ak\u00e9 \u010darovn\u00e9 slovo vie odstra\u0161i\u0165 Gargamela a vyslobodi\u0165 uv\u00e4znen\u00e9ho \u0161molka. Prech\u00e1dzali r\u00f4znymi z\u00e1bavn\u00fdmi stanovi\u0161\u0165ami, kde si vysk\u00fa\u0161ali t\u00edmov\u00fa spolupr\u00e1cu, spolupr\u00e1cu vo dvojici, h\u00e1dali r\u00f4zne h\u00e1danky \u010di zatancovali si \u0161molkovsk\u00fd tanec. Za \u00faspe\u0161n\u00e9 absolvovanie z\u00edskali pe\u010diatku &#8211; p\u00edsmenko a nakoniec zlo\u017eili z\u00e1zra\u010dn\u00e9 slovo OSLAVA, ktor\u00e9 prin\u00fatilo Gargamela vyslobodi\u0165 mal\u00e9ho \u0161molka. Na z\u00e1ver spolu s Gargamelom vyslovili prv\u00e1cky s\u013eub a od \u0161molkov dostali dar\u010deky na pamiatku.<br \/><br \/>\u010eakujeme p.u\u010d. Kotorovej a \u0161ikovn\u00fdm deviata\u010dkam za pr\u00edpravu kr\u00e1sneho programu pre na\u0161ich prv\u00e1\u010dikov :-).<\/p>\n<p>Viac fotografi\u00ed z akcie najdete <a href=\"https:\/\/eu.zonerama.com\/zskmke\/Album\/12052070\" target=\"_blank\" rel=\"noopener\">tu<\/a>.<\/p>\n","protected":false},"excerpt":{"rendered":"<p>V prv\u00fd septembrov\u00fd piatok (6.9.2024), na sl\u00e1vnos\u0165 sv. Ko\u0161ick\u00fdch mu\u010den\u00edkov, sa po sv. om\u0161i na\u0161i prv\u00e1ci stretli so \u0160molkami a \u0160moulinkami (na\u0161e \u017eia\u010dky 9.ro\u010dn\u00edka) v telocvi\u010dni. Prv\u00e1\u010dikovia mali zisti\u0165, ak\u00e9 \u010darovn\u00e9 slovo vie odstra\u0161i\u0165 Gargamela a vyslobodi\u0165 uv\u00e4znen\u00e9ho \u0161molka. Prech\u00e1dzali &hellip; <\/p>\n","protected":false},"author":1,"featured_media":8136,"comment_status":"open","ping_status":"open","sticky":false,"template":"","format":"standard","meta":{"_acf_changed":false,"footnotes":""},"categories":[40],"tags":[],"class_list":["post-8131","post","type-post","status-publish","format-standard","has-post-thumbnail","hentry","category-reportaze"],"acf":[],"_links":{"self":[{"href":"https:\/\/gkmke.sk\/zs\/wp-json\/wp\/v2\/posts\/8131","targetHints":{"allow":["GET"]}}],"collection":[{"href":"https:\/\/gkmke.sk\/zs\/wp-json\/wp\/v2\/posts"}],"about":[{"href":"https:\/\/gkmke.sk\/zs\/wp-json\/wp\/v2\/types\/post"}],"author":[{"embeddable":true,"href":"https:\/\/gkmke.sk\/zs\/wp-json\/wp\/v2\/users\/1"}],"replies":[{"embeddable":true,"href":"https:\/\/gkmke.sk\/zs\/wp-json\/wp\/v2\/comments?post=8131"}],"version-history":[{"count":0,"href":"https:\/\/gkmke.sk\/zs\/wp-json\/wp\/v2\/posts\/8131\/revisions"}],"wp:featuredmedia":[{"embeddable":true,"href":"https:\/\/gkmke.sk\/zs\/wp-json\/wp\/v2\/media\/8136"}],"wp:attachment":[{"href":"https:\/\/gkmke.sk\/zs\/wp-json\/wp\/v2\/media?parent=8131"}],"wp:term":[{"taxonomy":"category","embeddable":true,"href":"https:\/\/gkmke.sk\/zs\/wp-json\/wp\/v2\/categories?post=8131"},{"taxonomy":"post_tag","embeddable":true,"href":"https:\/\/gkmke.sk\/zs\/wp-json\/wp\/v2\/tags?post=8131"}],"curies":[{"name":"wp","href":"https:\/\/api.w.org\/{rel}","templated":true}]}}