{"id":8204,"date":"2024-09-26T10:47:53","date_gmt":"2024-09-26T08:47:53","guid":{"rendered":"https:\/\/gkmke.sk\/zstemp\/?p=8204"},"modified":"2024-09-26T10:47:53","modified_gmt":"2024-09-26T08:47:53","slug":"vyberove-konanie-na-mzdove-personalne-odd","status":"publish","type":"post","link":"https:\/\/gkmke.sk\/zs\/vyberove-konanie-na-mzdove-personalne-odd\/","title":{"rendered":"V\u00fdberov\u00e9 konanie na mzdov\u00e9-person\u00e1lne odd."},"content":{"rendered":"<p><strong>Ozn\u00e1menie o\u00a0v\u00fdberovom konan\u00ed<\/strong><\/p>\n<p>Riadite\u013eka \u00a0Spojenej \u0161koly sv. Ko\u0161ick\u00fdch mu\u010den\u00edkov\u00a0 <strong>vyhlasuje<\/strong> \u00a0<strong>v\u00fdberov\u00e9 konanie<\/strong> na obsadenie poz\u00edcie:<strong>\u00a0 \u00a0 \u00a0 \u00a0 \u00a0 \u00a0 \u00a0 \u00a0 \u00a0 \u00a0 \u00a0 \u00a0 \u00a0 \u00a0 \u00a0 \u00a0\u00a0<\/strong><\/p>\n<p><strong><em>Pracovn\u00edk ekonomick\u00e9ho oddelenia \u0161koly \u2013 personalistika a\u00a0mzdy<\/em><\/strong><\/p>\n<p><strong><em><u>Po\u017eadovan\u00e9 kvalifika\u010dn\u00e9 predpoklady:<\/u><\/em><\/strong><\/p>\n<ul>\n<li>minim\u00e1lne stredo\u0161kolsk\u00e9 vzdelanie ekonomick\u00e9ho zamerania<\/li>\n<li>ovl\u00e1danie podvojn\u00e9ho \u00fa\u010dtovn\u00edctva<\/li>\n<\/ul>\n<p><strong><em><u>Osobn\u00e9 predpoklady: <\/u><\/em><\/strong><\/p>\n<ul>\n<li>organiza\u010dn\u00e9 schopnosti<\/li>\n<li>znalos\u0165 ekonomick\u00fdch pr\u00e1vnych predpisov<\/li>\n<li>bez\u00fahonnos\u0165<\/li>\n<li>zdravotn\u00e1 sp\u00f4sobilos\u0165<\/li>\n<\/ul>\n<p><strong><em><u>K\u00a0\u017eiadosti o\u00a0zaradenie do v\u00fdberov\u00e9ho konanie je potrebn\u00e9 prilo\u017ei\u0165: <\/u><\/em><\/strong><\/p>\n<ul>\n<li>prihl\u00e1\u0161ka do v\u00fdberov\u00e9ho konania<\/li>\n<li>k\u00f3pie dokladov o\u00a0po\u017eadovanom vzdelan\u00ed<\/li>\n<li>profesijn\u00fd \u0161trukt\u00farovan\u00fd \u017eivotopis<\/li>\n<li>krstn\u00fd, pr\u00edpadne <strong>sob\u00e1\u0161ny (cirkevn\u00fd)<\/strong> list, nie star\u0161\u00ed ako tri mesiace<\/li>\n<li>\u010destn\u00e9 vyhl\u00e1senie o\u00a0bez\u00fahonnosti<\/li>\n<li>doklad o zdravotnej sp\u00f4sobilosti na v\u00fdkon pracovnej \u010dinnosti (sta\u010d\u00ed dolo\u017ei\u0165 po prijat\u00ed)<\/li>\n<li>p\u00edsomn\u00fd s\u00fahlas uch\u00e1dza\u010da s\u00a0pou\u017eit\u00edm osobn\u00fdch \u00fadajov pre potreby v\u00fdberov\u00e9ho konania pod\u013ea z\u00e1kona \u010d. 18\/2018 Z. z. o\u00a0ochrane osobn\u00fdch \u00fadajov v\u00a0znen\u00ed neskor\u0161\u00edch predpisov<\/li>\n<\/ul>\n<p>Platov\u00e9 podmienky bud\u00fa ur\u010den\u00e9 pod\u013ea Z\u00e1kona \u010d. 553\/2003 Z. z. o odme\u0148ovan\u00ed niektor\u00fdch zamestnancov pri v\u00fdkone pr\u00e1ce vo verejnom z\u00e1ujme a o zmene a doplnen\u00ed niektor\u00fdch z\u00e1konov.<\/p>\n<p>Prihl\u00e1\u0161ky a\u00a0po\u017eadovan\u00e9 doklady do v\u00fdberov\u00e9ho konania je potrebn\u00e9 zasla\u0165 doporu\u010dene po\u0161tou alebo prinies\u0165 osobne <strong>do 21.10.2024<\/strong> na adresu: <strong>Spojen\u00e1 \u0161kola sv. Ko\u0161ick\u00fdch mu\u010den\u00edkov, \u010cord\u00e1kova 50, 040 23 Ko\u0161ice.<\/strong><\/p>\n<p>V\u00fdberov\u00e9 konanie sa uskuto\u010dn\u00ed d\u0148a <strong>25. okt\u00f3bra 2024 od 9:00 hod.<\/strong> na Spojenej \u0161kole sv. Ko\u0161ick\u00fdch mu\u010den\u00edkov, \u010cord\u00e1kova 50, Ko\u0161ice \u2013 KVP.<\/p>\n<p>Vyhlasovate\u013e v\u00fdberov\u00e9ho konania si vyhradzuje pr\u00e1vo nezaradi\u0165 do v\u00fdberov\u00e9ho konania uch\u00e1dza\u010dov, ktor\u00ed nesp\u013a\u0148aj\u00fa po\u017eadovan\u00e9 podmienky.<\/p>\n<p>V Ko\u0161iciach 25.9.2024<\/p>\n<p>RNDr. Adriana Bariov\u00e1, riadite\u013eka \u0161koly<\/p>\n<p>&nbsp;<\/p>\n<p>&nbsp;<\/p>\n<p>&nbsp;<\/p>\n<p>&nbsp;<\/p>\n<p>&nbsp;<\/p>\n","protected":false},"excerpt":{"rendered":"<p>Ozn\u00e1menie o\u00a0v\u00fdberovom konan\u00ed Riadite\u013eka \u00a0Spojenej \u0161koly sv. Ko\u0161ick\u00fdch mu\u010den\u00edkov\u00a0 vyhlasuje \u00a0v\u00fdberov\u00e9 konanie na obsadenie poz\u00edcie:\u00a0 \u00a0 \u00a0 \u00a0 \u00a0 \u00a0 \u00a0 \u00a0 \u00a0 \u00a0 \u00a0 \u00a0 \u00a0 \u00a0 \u00a0 \u00a0\u00a0 Pracovn\u00edk ekonomick\u00e9ho oddelenia \u0161koly \u2013 personalistika a\u00a0mzdy Po\u017eadovan\u00e9 kvalifika\u010dn\u00e9 predpoklady: &hellip; <\/p>\n","protected":false},"author":9,"featured_media":8203,"comment_status":"closed","ping_status":"closed","sticky":false,"template":"","format":"standard","meta":{"_acf_changed":false,"footnotes":""},"categories":[39],"tags":[],"class_list":["post-8204","post","type-post","status-publish","format-standard","has-post-thumbnail","hentry","category-oznamy"],"acf":[],"_links":{"self":[{"href":"https:\/\/gkmke.sk\/zs\/wp-json\/wp\/v2\/posts\/8204","targetHints":{"allow":["GET"]}}],"collection":[{"href":"https:\/\/gkmke.sk\/zs\/wp-json\/wp\/v2\/posts"}],"about":[{"href":"https:\/\/gkmke.sk\/zs\/wp-json\/wp\/v2\/types\/post"}],"author":[{"embeddable":true,"href":"https:\/\/gkmke.sk\/zs\/wp-json\/wp\/v2\/users\/9"}],"replies":[{"embeddable":true,"href":"https:\/\/gkmke.sk\/zs\/wp-json\/wp\/v2\/comments?post=8204"}],"version-history":[{"count":0,"href":"https:\/\/gkmke.sk\/zs\/wp-json\/wp\/v2\/posts\/8204\/revisions"}],"wp:featuredmedia":[{"embeddable":true,"href":"https:\/\/gkmke.sk\/zs\/wp-json\/wp\/v2\/media\/8203"}],"wp:attachment":[{"href":"https:\/\/gkmke.sk\/zs\/wp-json\/wp\/v2\/media?parent=8204"}],"wp:term":[{"taxonomy":"category","embeddable":true,"href":"https:\/\/gkmke.sk\/zs\/wp-json\/wp\/v2\/categories?post=8204"},{"taxonomy":"post_tag","embeddable":true,"href":"https:\/\/gkmke.sk\/zs\/wp-json\/wp\/v2\/tags?post=8204"}],"curies":[{"name":"wp","href":"https:\/\/api.w.org\/{rel}","templated":true}]}}