{"id":8215,"date":"2024-09-26T17:42:53","date_gmt":"2024-09-26T15:42:53","guid":{"rendered":"https:\/\/gkmke.sk\/zstemp\/?p=8215"},"modified":"2024-09-26T17:42:53","modified_gmt":"2024-09-26T15:42:53","slug":"vitazi-spod-tatier","status":"publish","type":"post","link":"https:\/\/gkmke.sk\/zs\/vitazi-spod-tatier\/","title":{"rendered":"V\u00ed\u0165azi spod Tatier"},"content":{"rendered":"<p>\u0160tvorica redaktorov \u010dasopisu \u010cord\u00e1\u010dik str\u00e1vila dne\u0161n\u00e9 dopoludnie v Podtatranskej kni\u017enici, kde prebiehal u\u017e 8. ro\u010dn\u00edk Podtatransk\u00e9ho \u0161kol\u00e1ka. V r\u00e1mci projektu Medzi slovami, medzi riadkami kni\u017enica organizovala s\u00fa\u0165a\u017e \u010dasopisov z\u00e1kladn\u00fdch \u0161k\u00f4l Ko\u0161ick\u00e9ho a Pre\u0161ovsk\u00e9ho kraja. Spomedzi 19 prihl\u00e1sen\u00fdch si \u010cord\u00e1\u010dik odniesol z Popradu <strong>3. miesto. <\/strong>Do s\u00fa\u0165a\u017ee sme tentoraz prihl\u00e1sili \u010dasopisy, na ktor\u00fdch minul\u00fd \u0161kolsk\u00fd rok pracovala \u00faplne nov\u00e1 redak\u010dn\u00e1 rada.\u00a0 Pre na\u0161ich nov\u00e1\u010dikov to bolo prv\u00e9 v\u00ed\u0165azstvo.<\/p>\n<p><img fetchpriority=\"high\" decoding=\"async\" class=\"alignnone wp-image-8213 size-full\" src=\"https:\/\/gkmke.sk\/zs\/wp-content\/uploads\/sites\/3\/2024\/09\/4.jpg\" alt=\"\" width=\"1229\" height=\"2048\" \/><\/p>\n<p>Porota to tento rok op\u00e4\u0165 nemala v\u00f4bec jednoduch\u00e9. V\u0161etky \u010dasopisy boli na v\u00fdbornej \u00farovni. Tri naslovovzat\u00e9 odborn\u00ed\u010dky zo \u017eurnalistickej praxe vyzdvihli st\u00fapaj\u00facu \u00farove\u0148 \u010dasopisov, z ktor\u00fdch viacer\u00e9 by obsahom i po grafickej str\u00e1nke smelo obst\u00e1li aj v konkurencii s\u00fa\u010dasn\u00fdch period\u00edk. Odznela i pozit\u00edvna kritika a viacer\u00e9 odpor\u00fa\u010dania, ak\u00fdm chyb\u00e1m sa vyhn\u00fa\u0165.<\/p>\n<p><img decoding=\"async\" class=\"alignnone wp-image-8212\" src=\"https:\/\/gkmke.sk\/zs\/wp-content\/uploads\/sites\/3\/2024\/09\/3-1.jpg\" alt=\"\" width=\"225\" height=\"400\" \/> <img decoding=\"async\" class=\"alignnone wp-image-8214\" src=\"https:\/\/gkmke.sk\/zs\/wp-content\/uploads\/sites\/3\/2024\/09\/pozvanka-vyhodnotenie.jpg\" alt=\"\" width=\"229\" height=\"400\" \/> <img loading=\"lazy\" decoding=\"async\" class=\"alignnone wp-image-8210\" src=\"https:\/\/gkmke.sk\/zs\/wp-content\/uploads\/sites\/3\/2024\/09\/1.jpg\" alt=\"\" width=\"225\" height=\"400\" \/><\/p>\n<p>V\u00ed\u0165azstvo je pre n\u00e1s odmenou i hnac\u00edm motorom neust\u00e1le na sebe pracova\u0165 a zlep\u0161ova\u0165 sa. Najd\u00f4le\u017eitej\u0161ie je, aby sme pri tvorbe \u010dasopisu\u00a0 mali rados\u0165 a tie\u017e chu\u0165 u\u010di\u0165 sa nov\u00e9 veci. V tom n\u00e1m ur\u010dite pom\u00f4\u017ee aj \u00fa\u010das\u0165 na \u017eurnalistick\u00fdch workshopoch, ktor\u00e9 Podtatransk\u00e1 kni\u017enica pripravuje na jar bud\u00faceho roka. U\u017e teraz sa na nich te\u0161\u00edme.<\/p>\n<p><img loading=\"lazy\" decoding=\"async\" class=\"alignnone size-full wp-image-8211\" src=\"https:\/\/gkmke.sk\/zs\/wp-content\/uploads\/sites\/3\/2024\/09\/2-1.jpg\" alt=\"\" width=\"2048\" height=\"1152\" srcset=\"https:\/\/gkmke.sk\/zs\/wp-content\/uploads\/sites\/3\/2024\/09\/2-1.jpg 2048w, https:\/\/gkmke.sk\/zs\/wp-content\/uploads\/sites\/3\/2024\/09\/2-1-600x338.jpg 600w\" sizes=\"(max-width: 2048px) 100vw, 2048px\" \/><\/p>\n<p><em>Foto: arch\u00edv Z\u0160<\/em><\/p>\n<p>Za redak\u010dn\u00fa radu<\/p>\n<p>Lucia Palkov\u00e1, koordin\u00e1torka \u010cord\u00e1\u010dika<\/p>\n<p>&nbsp;<\/p>\n<p>&nbsp;<\/p>\n","protected":false},"excerpt":{"rendered":"<p>\u0160tvorica redaktorov \u010dasopisu \u010cord\u00e1\u010dik str\u00e1vila dne\u0161n\u00e9 dopoludnie v Podtatranskej kni\u017enici, kde prebiehal u\u017e 8. ro\u010dn\u00edk Podtatransk\u00e9ho \u0161kol\u00e1ka. V r\u00e1mci projektu Medzi slovami, medzi riadkami kni\u017enica organizovala s\u00fa\u0165a\u017e \u010dasopisov z\u00e1kladn\u00fdch \u0161k\u00f4l Ko\u0161ick\u00e9ho a Pre\u0161ovsk\u00e9ho kraja. Spomedzi 19 prihl\u00e1sen\u00fdch si \u010cord\u00e1\u010dik odniesol &hellip; <\/p>\n","protected":false},"author":2,"featured_media":8211,"comment_status":"closed","ping_status":"closed","sticky":false,"template":"","format":"standard","meta":{"_acf_changed":false,"footnotes":""},"categories":[39],"tags":[42],"class_list":["post-8215","post","type-post","status-publish","format-standard","has-post-thumbnail","hentry","category-oznamy","tag-slider"],"acf":[],"_links":{"self":[{"href":"https:\/\/gkmke.sk\/zs\/wp-json\/wp\/v2\/posts\/8215","targetHints":{"allow":["GET"]}}],"collection":[{"href":"https:\/\/gkmke.sk\/zs\/wp-json\/wp\/v2\/posts"}],"about":[{"href":"https:\/\/gkmke.sk\/zs\/wp-json\/wp\/v2\/types\/post"}],"author":[{"embeddable":true,"href":"https:\/\/gkmke.sk\/zs\/wp-json\/wp\/v2\/users\/2"}],"replies":[{"embeddable":true,"href":"https:\/\/gkmke.sk\/zs\/wp-json\/wp\/v2\/comments?post=8215"}],"version-history":[{"count":0,"href":"https:\/\/gkmke.sk\/zs\/wp-json\/wp\/v2\/posts\/8215\/revisions"}],"wp:featuredmedia":[{"embeddable":true,"href":"https:\/\/gkmke.sk\/zs\/wp-json\/wp\/v2\/media\/8211"}],"wp:attachment":[{"href":"https:\/\/gkmke.sk\/zs\/wp-json\/wp\/v2\/media?parent=8215"}],"wp:term":[{"taxonomy":"category","embeddable":true,"href":"https:\/\/gkmke.sk\/zs\/wp-json\/wp\/v2\/categories?post=8215"},{"taxonomy":"post_tag","embeddable":true,"href":"https:\/\/gkmke.sk\/zs\/wp-json\/wp\/v2\/tags?post=8215"}],"curies":[{"name":"wp","href":"https:\/\/api.w.org\/{rel}","templated":true}]}}