{"id":8260,"date":"2024-10-09T19:46:31","date_gmt":"2024-10-09T17:46:31","guid":{"rendered":"https:\/\/gkmke.sk\/zstemp\/?p=8260"},"modified":"2024-10-09T19:46:31","modified_gmt":"2024-10-09T17:46:31","slug":"nasi-deviataci-na-iwalk","status":"publish","type":"post","link":"https:\/\/gkmke.sk\/zs\/nasi-deviataci-na-iwalk\/","title":{"rendered":"Na\u0161i deviataci na IWalk"},"content":{"rendered":"<p>V\u202fpondelok 30. 9. 2024 mali na\u0161i deviataci mo\u017enos\u0165 vyda\u0165 sa po stop\u00e1ch udalost\u00ed odohr\u00e1vaj\u00facich sa na miestach, ktor\u00e9 d\u00f4verne poznaj\u00fa a ktor\u00fdmi denne prech\u00e1dzaj\u00fa. Prostredn\u00edctvom aplik\u00e1cie IWalk (medzin\u00e1rodn\u00fd projekt interakt\u00edvnych prehliadok mesta) sme im pribl\u00ed\u017eili dejiny holokaustu pomocou audiovizu\u00e1lnych svedectiev \u013eud\u00ed, ktor\u00ed ho pre\u017eili. Na z\u00e1klade sk\u00fasenost\u00ed z\u00edskan\u00fdch po\u010das prech\u00e1dzky \u017eiaci samostatne pracovali na zadaniach v\u202faplik\u00e1cii, pri\u010dom vyjadrovali svoje dojmy a\u202fzdie\u013eali svoje \u00favahy s rovesn\u00edkmi. Didaktick\u00e9 aktivity, realizovan\u00e9 medzi jednotliv\u00fdmi bodmi trasy, mali \u017eiakov vies\u0165 k samostatn\u00e9mu prem\u00fd\u0161\u013eaniu o t\u00e9mach predsudkov, stereotypov a diskrimin\u00e1cie.<span data-ccp-props=\"{}\">\u00a0<\/span><\/p>\n<p>&nbsp;<\/p>\n<p>&nbsp;<\/p>\n<p><img fetchpriority=\"high\" decoding=\"async\" class=\"alignnone size-full wp-image-8263\" src=\"https:\/\/gkmke.sk\/zs\/wp-content\/uploads\/sites\/3\/2024\/10\/3-1.jpg\" alt=\"\" width=\"2048\" height=\"1531\" \/><\/p>\n<p><img decoding=\"async\" class=\"alignnone size-full wp-image-8267\" src=\"https:\/\/gkmke.sk\/zs\/wp-content\/uploads\/sites\/3\/2024\/10\/2-2.jpg\" alt=\"\" width=\"1108\" height=\"2048\" \/><img decoding=\"async\" class=\"alignnone size-full wp-image-8264\" src=\"https:\/\/gkmke.sk\/zs\/wp-content\/uploads\/sites\/3\/2024\/10\/4.jpg\" alt=\"\" width=\"2048\" height=\"1531\" \/><\/p>\n","protected":false},"excerpt":{"rendered":"<p>V\u202fpondelok 30. 9. 2024 mali na\u0161i deviataci mo\u017enos\u0165 vyda\u0165 sa po stop\u00e1ch udalost\u00ed odohr\u00e1vaj\u00facich sa na miestach, ktor\u00e9 d\u00f4verne poznaj\u00fa a ktor\u00fdmi denne prech\u00e1dzaj\u00fa. Prostredn\u00edctvom aplik\u00e1cie IWalk (medzin\u00e1rodn\u00fd projekt interakt\u00edvnych prehliadok mesta) sme im pribl\u00ed\u017eili dejiny holokaustu pomocou audiovizu\u00e1lnych svedectiev &hellip; <\/p>\n","protected":false},"author":2,"featured_media":8261,"comment_status":"closed","ping_status":"closed","sticky":false,"template":"","format":"standard","meta":{"_acf_changed":false,"footnotes":""},"categories":[40],"tags":[42],"class_list":["post-8260","post","type-post","status-publish","format-standard","has-post-thumbnail","hentry","category-reportaze","tag-slider"],"acf":[],"_links":{"self":[{"href":"https:\/\/gkmke.sk\/zs\/wp-json\/wp\/v2\/posts\/8260","targetHints":{"allow":["GET"]}}],"collection":[{"href":"https:\/\/gkmke.sk\/zs\/wp-json\/wp\/v2\/posts"}],"about":[{"href":"https:\/\/gkmke.sk\/zs\/wp-json\/wp\/v2\/types\/post"}],"author":[{"embeddable":true,"href":"https:\/\/gkmke.sk\/zs\/wp-json\/wp\/v2\/users\/2"}],"replies":[{"embeddable":true,"href":"https:\/\/gkmke.sk\/zs\/wp-json\/wp\/v2\/comments?post=8260"}],"version-history":[{"count":0,"href":"https:\/\/gkmke.sk\/zs\/wp-json\/wp\/v2\/posts\/8260\/revisions"}],"wp:featuredmedia":[{"embeddable":true,"href":"https:\/\/gkmke.sk\/zs\/wp-json\/wp\/v2\/media\/8261"}],"wp:attachment":[{"href":"https:\/\/gkmke.sk\/zs\/wp-json\/wp\/v2\/media?parent=8260"}],"wp:term":[{"taxonomy":"category","embeddable":true,"href":"https:\/\/gkmke.sk\/zs\/wp-json\/wp\/v2\/categories?post=8260"},{"taxonomy":"post_tag","embeddable":true,"href":"https:\/\/gkmke.sk\/zs\/wp-json\/wp\/v2\/tags?post=8260"}],"curies":[{"name":"wp","href":"https:\/\/api.w.org\/{rel}","templated":true}]}}