{"id":8283,"date":"2024-10-18T21:27:35","date_gmt":"2024-10-18T19:27:35","guid":{"rendered":"https:\/\/gkmke.sk\/zstemp\/?p=8283"},"modified":"2024-10-18T21:27:35","modified_gmt":"2024-10-18T19:27:35","slug":"duchovna-obnova-5-6-a-7-rocnik","status":"publish","type":"post","link":"https:\/\/gkmke.sk\/zs\/duchovna-obnova-5-6-a-7-rocnik\/","title":{"rendered":"Duchovn\u00e1 obnova 5., 6. a 7.ro\u010dn\u00edk"},"content":{"rendered":"<p>V\u00a0d\u0148och 7. \u2013 9.10.2024 sa \u017eiaci 5. \u2013 7. ro\u010dn\u00edka z\u00fa\u010dastnili duchovnej obnovy. Program duchovnej obnovy pre \u017eiakov pripravila Reho\u013ea sv. August\u00edna v\u00a0Ko\u0161ickej Novej Vsi a\u00a0celou duchovnou obnovou ich sprev\u00e1dzal aj \u0161kolsk\u00fd kapl\u00e1n M. \u0160kulka.<\/p>\n<p>Augustini\u00e1ni deti priv\u00edtali ve\u013emi srde\u010dne. Deti si najsk\u00f4r pozreli rozpr\u00e1vku V\u00a0hlave, ku ktorej potom viedli diskusiu a\u00a0po kr\u00e1tkej prest\u00e1vke a\u00a0ob\u010derstven\u00ed spolo\u010dne sl\u00e1vili sv\u00e4t\u00fa om\u0161u, na ktorej sa akt\u00edvne podie\u013eali \u010d\u00edtan\u00edm a\u00a0spevom. S\u00fa\u010das\u0165ou sv\u00e4tej om\u0161e bolo p\u00fatav\u00e9 predstavenie Ikony priate\u013estva, ktor\u00e1 deti ve\u013emi zaujala, ke\u010f\u017ee priate\u013estvo je neoddelite\u013enou s\u00fa\u010das\u0165ou ich \u0161kolsk\u00e9ho \u017eivota.<\/p>\n<p>Po\u010das duchovnej obnovy tak mohli \u017eiaci nielen pr\u00edjemne str\u00e1vi\u0165 \u010das v\u00a0spolo\u010dnosti spolu\u017eiakov a\u00a0triednych u\u010diteliek, ale aj intenz\u00edvnej\u0161ie si uvedomi\u0165 d\u00f4le\u017eitos\u0165 spolo\u010denstva a\u00a0priate\u013estva.<\/p>\n<p>&nbsp;<\/p>\n<p><img fetchpriority=\"high\" decoding=\"async\" class=\"alignnone size-full wp-image-8365\" src=\"https:\/\/gkmke.sk\/zs\/wp-content\/uploads\/sites\/3\/2024\/10\/2-3.jpg\" alt=\"\" width=\"2048\" height=\"1536\" \/><\/p>\n<p><img decoding=\"async\" class=\"alignnone size-full wp-image-8366\" src=\"https:\/\/gkmke.sk\/zs\/wp-content\/uploads\/sites\/3\/2024\/10\/3-2.jpg\" alt=\"\" width=\"2048\" height=\"1536\" \/><\/p>\n<p><img decoding=\"async\" class=\"alignnone size-full wp-image-8367\" src=\"https:\/\/gkmke.sk\/zs\/wp-content\/uploads\/sites\/3\/2024\/10\/5-2.jpg\" alt=\"\" width=\"1536\" height=\"2048\" \/><\/p>\n<p><img loading=\"lazy\" decoding=\"async\" class=\"alignnone size-full wp-image-8369\" src=\"https:\/\/gkmke.sk\/zs\/wp-content\/uploads\/sites\/3\/2024\/10\/5-3.jpg\" alt=\"\" width=\"2048\" height=\"1536\" \/><\/p>\n<p><img loading=\"lazy\" decoding=\"async\" class=\"alignnone size-full wp-image-8370\" src=\"https:\/\/gkmke.sk\/zs\/wp-content\/uploads\/sites\/3\/2024\/10\/22.jpg\" alt=\"\" width=\"2048\" height=\"1536\" \/><\/p>\n","protected":false},"excerpt":{"rendered":"<p>V\u00a0d\u0148och 7. \u2013 9.10.2024 sa \u017eiaci 5. \u2013 7. ro\u010dn\u00edka z\u00fa\u010dastnili duchovnej obnovy. Program duchovnej obnovy pre \u017eiakov pripravila Reho\u013ea sv. August\u00edna v\u00a0Ko\u0161ickej Novej Vsi a\u00a0celou duchovnou obnovou ich sprev\u00e1dzal aj \u0161kolsk\u00fd kapl\u00e1n M. \u0160kulka. Augustini\u00e1ni deti priv\u00edtali ve\u013emi srde\u010dne. &hellip; <\/p>\n","protected":false},"author":1,"featured_media":8376,"comment_status":"closed","ping_status":"closed","sticky":false,"template":"","format":"standard","meta":{"_acf_changed":false,"footnotes":""},"categories":[1,40],"tags":[42],"class_list":["post-8283","post","type-post","status-publish","format-standard","has-post-thumbnail","hentry","category-nezaradene","category-reportaze","tag-slider"],"acf":[],"_links":{"self":[{"href":"https:\/\/gkmke.sk\/zs\/wp-json\/wp\/v2\/posts\/8283","targetHints":{"allow":["GET"]}}],"collection":[{"href":"https:\/\/gkmke.sk\/zs\/wp-json\/wp\/v2\/posts"}],"about":[{"href":"https:\/\/gkmke.sk\/zs\/wp-json\/wp\/v2\/types\/post"}],"author":[{"embeddable":true,"href":"https:\/\/gkmke.sk\/zs\/wp-json\/wp\/v2\/users\/1"}],"replies":[{"embeddable":true,"href":"https:\/\/gkmke.sk\/zs\/wp-json\/wp\/v2\/comments?post=8283"}],"version-history":[{"count":0,"href":"https:\/\/gkmke.sk\/zs\/wp-json\/wp\/v2\/posts\/8283\/revisions"}],"wp:featuredmedia":[{"embeddable":true,"href":"https:\/\/gkmke.sk\/zs\/wp-json\/wp\/v2\/media\/8376"}],"wp:attachment":[{"href":"https:\/\/gkmke.sk\/zs\/wp-json\/wp\/v2\/media?parent=8283"}],"wp:term":[{"taxonomy":"category","embeddable":true,"href":"https:\/\/gkmke.sk\/zs\/wp-json\/wp\/v2\/categories?post=8283"},{"taxonomy":"post_tag","embeddable":true,"href":"https:\/\/gkmke.sk\/zs\/wp-json\/wp\/v2\/tags?post=8283"}],"curies":[{"name":"wp","href":"https:\/\/api.w.org\/{rel}","templated":true}]}}