{"id":8377,"date":"2024-10-22T13:08:20","date_gmt":"2024-10-22T11:08:20","guid":{"rendered":"https:\/\/gkmke.sk\/zstemp\/?p=8377"},"modified":"2024-10-22T13:08:20","modified_gmt":"2024-10-22T11:08:20","slug":"milion-deti-sa-modli-ruzenec-3","status":"publish","type":"post","link":"https:\/\/gkmke.sk\/zs\/milion-deti-sa-modli-ruzenec-3\/","title":{"rendered":"Mili\u00f3n det\u00ed sa modl\u00ed ru\u017eenec"},"content":{"rendered":"<p><span data-contrast=\"auto\">Ka\u017ed\u00fd rok 18.10. o 9:00 sa deti po celom svete zjednocuj\u00fa v modlitbovej iniciat\u00edve <\/span><b><span data-contrast=\"auto\">Mili\u00f3n det\u00ed sa modl\u00ed ru\u017eenec.<\/span><\/b><span data-contrast=\"auto\"> Aj v na\u0161ej \u0161kole sa v\u0161etci na\u0161i \u017eiaci spolo\u010dne modlili za jednotu a mier vo svete s vierou a n\u00e1dejou, \u017ee sa aj na\u0161im pri\u010dinen\u00edm stane zo sveta lep\u0161ie a kraj\u0161ie miesto.\u00a0<\/span><span data-ccp-props=\"{&quot;134233117&quot;:false,&quot;134233118&quot;:false,&quot;201341983&quot;:0,&quot;335551550&quot;:6,&quot;335551620&quot;:6,&quot;335559731&quot;:708,&quot;335559738&quot;:0,&quot;335559739&quot;:160,&quot;335559740&quot;:276}\">\u00a0<\/span><br \/>\n<b><span data-contrast=\"auto\">\u201eKe\u010f sa mili\u00f3n det\u00ed bude modli\u0165 ru\u017eenec, svet sa zmen\u00ed.\u201c<\/span><\/b><span data-contrast=\"auto\"> (P\u00e1ter Pio)<\/span><span data-ccp-props=\"{&quot;134233117&quot;:false,&quot;134233118&quot;:false,&quot;201341983&quot;:0,&quot;335551550&quot;:6,&quot;335551620&quot;:6,&quot;335559731&quot;:708,&quot;335559738&quot;:0,&quot;335559739&quot;:160,&quot;335559740&quot;:276}\">\u00a0<\/span><\/p>\n<p><img fetchpriority=\"high\" decoding=\"async\" class=\"alignnone size-full wp-image-8380\" src=\"https:\/\/gkmke.sk\/zs\/wp-content\/uploads\/sites\/3\/2024\/10\/2-4.jpg\" alt=\"\" width=\"2048\" height=\"1536\" \/><\/p>\n<p><img decoding=\"async\" class=\"alignnone size-full wp-image-8381\" src=\"https:\/\/gkmke.sk\/zs\/wp-content\/uploads\/sites\/3\/2024\/10\/3-3.jpg\" alt=\"\" width=\"1531\" height=\"2048\" \/><\/p>\n<p><img decoding=\"async\" class=\"alignnone size-full wp-image-8382\" src=\"https:\/\/gkmke.sk\/zs\/wp-content\/uploads\/sites\/3\/2024\/10\/4-1.jpg\" alt=\"\" width=\"2048\" height=\"1536\" \/><\/p>\n<p><img loading=\"lazy\" decoding=\"async\" class=\"alignnone size-full wp-image-8383\" src=\"https:\/\/gkmke.sk\/zs\/wp-content\/uploads\/sites\/3\/2024\/10\/5-4.jpg\" alt=\"\" width=\"2048\" height=\"1536\" \/><\/p>\n<p><img loading=\"lazy\" decoding=\"async\" class=\"alignnone size-full wp-image-8384\" src=\"https:\/\/gkmke.sk\/zs\/wp-content\/uploads\/sites\/3\/2024\/10\/6.jpg\" alt=\"\" width=\"1531\" height=\"2048\" \/><\/p>\n<p><img loading=\"lazy\" decoding=\"async\" class=\"alignnone size-full wp-image-8385\" src=\"https:\/\/gkmke.sk\/zs\/wp-content\/uploads\/sites\/3\/2024\/10\/7.jpg\" alt=\"\" width=\"1531\" height=\"2048\" \/><\/p>\n<p><img loading=\"lazy\" decoding=\"async\" class=\"alignnone size-full wp-image-8389\" src=\"https:\/\/gkmke.sk\/zs\/wp-content\/uploads\/sites\/3\/2024\/10\/10.jpg\" alt=\"\" width=\"2048\" height=\"1536\" \/><\/p>\n<p>&nbsp;<\/p>\n","protected":false},"excerpt":{"rendered":"<p>Ka\u017ed\u00fd rok 18.10. o 9:00 sa deti po celom svete zjednocuj\u00fa v modlitbovej iniciat\u00edve Mili\u00f3n det\u00ed sa modl\u00ed ru\u017eenec. Aj v na\u0161ej \u0161kole sa v\u0161etci na\u0161i \u017eiaci spolo\u010dne modlili za jednotu a mier vo svete s vierou a n\u00e1dejou, \u017ee &hellip; <\/p>\n","protected":false},"author":1,"featured_media":8379,"comment_status":"closed","ping_status":"closed","sticky":false,"template":"","format":"standard","meta":{"_acf_changed":false,"footnotes":""},"categories":[40],"tags":[42],"class_list":["post-8377","post","type-post","status-publish","format-standard","has-post-thumbnail","hentry","category-reportaze","tag-slider"],"acf":[],"_links":{"self":[{"href":"https:\/\/gkmke.sk\/zs\/wp-json\/wp\/v2\/posts\/8377","targetHints":{"allow":["GET"]}}],"collection":[{"href":"https:\/\/gkmke.sk\/zs\/wp-json\/wp\/v2\/posts"}],"about":[{"href":"https:\/\/gkmke.sk\/zs\/wp-json\/wp\/v2\/types\/post"}],"author":[{"embeddable":true,"href":"https:\/\/gkmke.sk\/zs\/wp-json\/wp\/v2\/users\/1"}],"replies":[{"embeddable":true,"href":"https:\/\/gkmke.sk\/zs\/wp-json\/wp\/v2\/comments?post=8377"}],"version-history":[{"count":0,"href":"https:\/\/gkmke.sk\/zs\/wp-json\/wp\/v2\/posts\/8377\/revisions"}],"wp:featuredmedia":[{"embeddable":true,"href":"https:\/\/gkmke.sk\/zs\/wp-json\/wp\/v2\/media\/8379"}],"wp:attachment":[{"href":"https:\/\/gkmke.sk\/zs\/wp-json\/wp\/v2\/media?parent=8377"}],"wp:term":[{"taxonomy":"category","embeddable":true,"href":"https:\/\/gkmke.sk\/zs\/wp-json\/wp\/v2\/categories?post=8377"},{"taxonomy":"post_tag","embeddable":true,"href":"https:\/\/gkmke.sk\/zs\/wp-json\/wp\/v2\/tags?post=8377"}],"curies":[{"name":"wp","href":"https:\/\/api.w.org\/{rel}","templated":true}]}}