{"id":8422,"date":"2024-10-25T20:12:39","date_gmt":"2024-10-25T18:12:39","guid":{"rendered":"https:\/\/gkmke.sk\/zstemp\/?p=8422"},"modified":"2024-10-25T20:12:39","modified_gmt":"2024-10-25T18:12:39","slug":"sladka-pomoc","status":"publish","type":"post","link":"https:\/\/gkmke.sk\/zs\/sladka-pomoc\/","title":{"rendered":"Sladk\u00e1 pomoc"},"content":{"rendered":"<p>V t\u00fd\u017edni po misijnej nedeli, ktor\u00fa sme osl\u00e1vili 20.10.2024, sme sa aj my pripojili k pomoci misi\u00e1m v najchudobnej\u0161\u00edch krajin\u00e1ch sveta. Tento rok Slovensko pom\u00e1ha druhej najchudobnej\u0161ej krajine Afriky \u2013 Malawi. Deti si s rados\u0165ou zama\u0161krtili na \u010dokol\u00e1dkach, ktor\u00e9 nielen chutili, ale aj pom\u00e1hali, ke\u010f\u017ee v\u00fd\u0165a\u017eok z predaja \u010dokol\u00e1dok poputuje pr\u00e1ve k de\u0165om do Malawi.<br \/>\n<img fetchpriority=\"high\" decoding=\"async\" class=\"alignnone size-full wp-image-8427\" src=\"https:\/\/gkmke.sk\/zs\/wp-content\/uploads\/sites\/3\/2024\/10\/4-2.jpeg\" alt=\"\" width=\"1536\" height=\"2048\" \/><\/p>\n<p><img decoding=\"async\" class=\"alignnone size-full wp-image-8426\" src=\"https:\/\/gkmke.sk\/zs\/wp-content\/uploads\/sites\/3\/2024\/10\/3-4.jpg\" alt=\"\" width=\"1536\" height=\"2048\" \/><\/p>\n<p><img decoding=\"async\" class=\"alignnone size-full wp-image-8423\" src=\"https:\/\/gkmke.sk\/zs\/wp-content\/uploads\/sites\/3\/2024\/10\/sladka-pomoc.png\" alt=\"\" width=\"795\" height=\"1124\" \/><\/p>\n<p><img loading=\"lazy\" decoding=\"async\" class=\"alignnone size-full wp-image-8431\" src=\"https:\/\/gkmke.sk\/zs\/wp-content\/uploads\/sites\/3\/2024\/10\/1-3.jpeg\" alt=\"\" width=\"1536\" height=\"2048\" \/><\/p>\n","protected":false},"excerpt":{"rendered":"<p>V t\u00fd\u017edni po misijnej nedeli, ktor\u00fa sme osl\u00e1vili 20.10.2024, sme sa aj my pripojili k pomoci misi\u00e1m v najchudobnej\u0161\u00edch krajin\u00e1ch sveta. Tento rok Slovensko pom\u00e1ha druhej najchudobnej\u0161ej krajine Afriky \u2013 Malawi. Deti si s rados\u0165ou zama\u0161krtili na \u010dokol\u00e1dkach, ktor\u00e9 nielen &hellip; <\/p>\n","protected":false},"author":2,"featured_media":8430,"comment_status":"closed","ping_status":"closed","sticky":false,"template":"","format":"standard","meta":{"_acf_changed":false,"footnotes":""},"categories":[40],"tags":[42],"class_list":["post-8422","post","type-post","status-publish","format-standard","has-post-thumbnail","hentry","category-reportaze","tag-slider"],"acf":[],"_links":{"self":[{"href":"https:\/\/gkmke.sk\/zs\/wp-json\/wp\/v2\/posts\/8422","targetHints":{"allow":["GET"]}}],"collection":[{"href":"https:\/\/gkmke.sk\/zs\/wp-json\/wp\/v2\/posts"}],"about":[{"href":"https:\/\/gkmke.sk\/zs\/wp-json\/wp\/v2\/types\/post"}],"author":[{"embeddable":true,"href":"https:\/\/gkmke.sk\/zs\/wp-json\/wp\/v2\/users\/2"}],"replies":[{"embeddable":true,"href":"https:\/\/gkmke.sk\/zs\/wp-json\/wp\/v2\/comments?post=8422"}],"version-history":[{"count":0,"href":"https:\/\/gkmke.sk\/zs\/wp-json\/wp\/v2\/posts\/8422\/revisions"}],"wp:featuredmedia":[{"embeddable":true,"href":"https:\/\/gkmke.sk\/zs\/wp-json\/wp\/v2\/media\/8430"}],"wp:attachment":[{"href":"https:\/\/gkmke.sk\/zs\/wp-json\/wp\/v2\/media?parent=8422"}],"wp:term":[{"taxonomy":"category","embeddable":true,"href":"https:\/\/gkmke.sk\/zs\/wp-json\/wp\/v2\/categories?post=8422"},{"taxonomy":"post_tag","embeddable":true,"href":"https:\/\/gkmke.sk\/zs\/wp-json\/wp\/v2\/tags?post=8422"}],"curies":[{"name":"wp","href":"https:\/\/api.w.org\/{rel}","templated":true}]}}