{"id":8498,"date":"2024-11-11T13:53:11","date_gmt":"2024-11-11T12:53:11","guid":{"rendered":"https:\/\/gkmke.sk\/zstemp\/?p=8498"},"modified":"2024-11-11T13:53:11","modified_gmt":"2024-11-11T12:53:11","slug":"skola-plna-talentov-jesenne-aranzovanie","status":"publish","type":"post","link":"https:\/\/gkmke.sk\/zs\/skola-plna-talentov-jesenne-aranzovanie\/","title":{"rendered":"\u0160kola pln\u00e1 talentov \u2013 Jesenn\u00e9 aran\u017eovanie"},"content":{"rendered":"<p>D\u0148a 11.11.2024 sa v r\u00e1mci projektu \u0160kola pln\u00e1 talentov konala v CV\u010c Domino s\u00fa\u0165a\u017e v jesennom aran\u017eovan\u00ed a viazan\u00ed rastl\u00edn. S\u00fa\u0165a\u017e, ktor\u00e1 niesla t\u00e9mu Jesenn\u00e1 z\u00e1hrada na stole, vyzvala \u00fa\u010dastn\u00edkov k tvorbe aran\u017em\u00e1nov in\u0161pirovan\u00fdch kr\u00e1sou jesene.<\/p>\n<p>Na\u0161u \u0161kolu s rados\u0165ou reprezentovali dve talentovan\u00e9 \u017eia\u010dky \u2013 Vikt\u00f3ria Sedl\u00e1kov\u00e1 zo 6.B triedy a Veronika \u0160imkov\u00e1 z 8.A triedy. Diev\u010dat\u00e1 na s\u00fa\u0165a\u017e pripravovali &#8211; p. vychov\u00e1vate\u013eka M\u00e1ria Po\u010datkov\u00e1 a p. u\u010dite\u013eka Mgr. Mariana Be\u013eanov\u00e1. Obe diev\u010dat\u00e1 svoj\u00edm talentom a prec\u00edznos\u0165ou o\u010darili porotu aj v\u0161etk\u00fdch pr\u00edtomn\u00fdch. Vo ve\u013ekej konkurencii \u0161ikovn\u00fdch mlad\u00fdch aran\u017e\u00e9rov z\u00edskala Viki Sedl\u00e1kov\u00e1 1. miesto v celomestskom kole.<\/p>\n<p>Viki srde\u010dne blaho\u017eel\u00e1me a obom \u017eia\u010dkam \u010fakujeme za reprezent\u00e1ciu na\u0161ej \u0161koly.<\/p>\n<p><img fetchpriority=\"high\" decoding=\"async\" class=\"alignnone size-full wp-image-8502\" src=\"https:\/\/gkmke.sk\/zs\/wp-content\/uploads\/sites\/3\/2024\/11\/whatsapp-image-2024-11-11-at-090816.jpeg\" alt=\"\" width=\"1530\" height=\"2040\" \/> <img decoding=\"async\" class=\"alignnone size-full wp-image-8500\" src=\"https:\/\/gkmke.sk\/zs\/wp-content\/uploads\/sites\/3\/2024\/11\/whatsapp-image-2024-11-11-at-114706-e1731329566515.jpeg\" alt=\"\" width=\"2040\" height=\"1530\" \/> <img decoding=\"async\" class=\"alignnone size-full wp-image-8499\" src=\"https:\/\/gkmke.sk\/zs\/wp-content\/uploads\/sites\/3\/2024\/11\/whatsapp-image-2024-11-11-at-125607.jpeg\" alt=\"\" width=\"1530\" height=\"2040\" \/><\/p>\n","protected":false},"excerpt":{"rendered":"<p>D\u0148a 11.11.2024 sa v r\u00e1mci projektu \u0160kola pln\u00e1 talentov konala v CV\u010c Domino s\u00fa\u0165a\u017e v jesennom aran\u017eovan\u00ed a viazan\u00ed rastl\u00edn. S\u00fa\u0165a\u017e, ktor\u00e1 niesla t\u00e9mu Jesenn\u00e1 z\u00e1hrada na stole, vyzvala \u00fa\u010dastn\u00edkov k tvorbe aran\u017em\u00e1nov in\u0161pirovan\u00fdch kr\u00e1sou jesene. Na\u0161u \u0161kolu s rados\u0165ou &hellip; <\/p>\n","protected":false},"author":1,"featured_media":8500,"comment_status":"closed","ping_status":"closed","sticky":false,"template":"","format":"standard","meta":{"_acf_changed":false,"footnotes":""},"categories":[40],"tags":[42],"class_list":["post-8498","post","type-post","status-publish","format-standard","has-post-thumbnail","hentry","category-reportaze","tag-slider"],"acf":[],"_links":{"self":[{"href":"https:\/\/gkmke.sk\/zs\/wp-json\/wp\/v2\/posts\/8498","targetHints":{"allow":["GET"]}}],"collection":[{"href":"https:\/\/gkmke.sk\/zs\/wp-json\/wp\/v2\/posts"}],"about":[{"href":"https:\/\/gkmke.sk\/zs\/wp-json\/wp\/v2\/types\/post"}],"author":[{"embeddable":true,"href":"https:\/\/gkmke.sk\/zs\/wp-json\/wp\/v2\/users\/1"}],"replies":[{"embeddable":true,"href":"https:\/\/gkmke.sk\/zs\/wp-json\/wp\/v2\/comments?post=8498"}],"version-history":[{"count":0,"href":"https:\/\/gkmke.sk\/zs\/wp-json\/wp\/v2\/posts\/8498\/revisions"}],"wp:featuredmedia":[{"embeddable":true,"href":"https:\/\/gkmke.sk\/zs\/wp-json\/wp\/v2\/media\/8500"}],"wp:attachment":[{"href":"https:\/\/gkmke.sk\/zs\/wp-json\/wp\/v2\/media?parent=8498"}],"wp:term":[{"taxonomy":"category","embeddable":true,"href":"https:\/\/gkmke.sk\/zs\/wp-json\/wp\/v2\/categories?post=8498"},{"taxonomy":"post_tag","embeddable":true,"href":"https:\/\/gkmke.sk\/zs\/wp-json\/wp\/v2\/tags?post=8498"}],"curies":[{"name":"wp","href":"https:\/\/api.w.org\/{rel}","templated":true}]}}