{"id":8545,"date":"2024-11-15T19:45:47","date_gmt":"2024-11-15T18:45:47","guid":{"rendered":"https:\/\/gkmke.sk\/zstemp\/?p=8545"},"modified":"2024-11-15T19:45:47","modified_gmt":"2024-11-15T18:45:47","slug":"tyzden-vedy-a-techniky-na-cordacke","status":"publish","type":"post","link":"https:\/\/gkmke.sk\/zs\/tyzden-vedy-a-techniky-na-cordacke\/","title":{"rendered":"T\u00fd\u017ede\u0148 vedy a techniky na \u010cord\u00e1\u010dke"},"content":{"rendered":"<p>Hodiny slovensk\u00e9ho jazyka \u00f4smakov a deviatakov sa d\u0148a 15. 11. 2024 zmenili na mal\u00e9 jazykov\u00e9 laborat\u00f3ri\u00e1. \u017diaci vypracov\u00e1vali vzdel\u00e1vaco-vedomostn\u00fd online kv\u00edz o slovenskom jazyku \u010di o hist\u00f3rii a funkcii Jazykovedn\u00e9ho \u00fastavu \u013d. \u0160t\u00fara Slovenskej akad\u00e9mie vied. \u017diaci zauj\u00edmavou formou pracovali s online verziou slovn\u00edka, vyh\u013ead\u00e1vali po\u017eadovan\u00e9 v\u00fdrazy v textoch Slovensk\u00e9ho n\u00e1rodn\u00e9ho korpusu, zis\u0165ovali v\u00fdznam n\u00e1re\u010dov\u00fdch slov a odhalili, \u010di za ypsilon m\u00f4\u017ee \u013dudov\u00edt \u0160t\u00far a ak\u00fa\u00a0d\u013a\u017ekov\u00fa mieru dosahuje strelenie z pu\u0161ky. Okrem nov\u00fdch inform\u00e1ci\u00ed si niektor\u00ed za spr\u00e1vne vyplnen\u00fd kv\u00edz odniesli jednotky a dokonca si m\u00f4\u017eu zas\u00fa\u0165a\u017ei\u0165 o r\u00f4zne odmeny.<\/p>\n<p><img fetchpriority=\"high\" decoding=\"async\" class=\"alignnone size-full wp-image-8563\" src=\"https:\/\/gkmke.sk\/zs\/wp-content\/uploads\/sites\/3\/2024\/11\/1.jpg\" alt=\"\" width=\"1080\" height=\"1528\" \/><\/p>\n<p><img decoding=\"async\" class=\"alignnone size-full wp-image-8562\" src=\"https:\/\/gkmke.sk\/zs\/wp-content\/uploads\/sites\/3\/2024\/11\/2-1.jpg\" alt=\"\" width=\"1532\" height=\"2048\" \/><\/p>\n<p><img decoding=\"async\" class=\"alignnone size-full wp-image-8547\" src=\"https:\/\/gkmke.sk\/zs\/wp-content\/uploads\/sites\/3\/2024\/11\/3-1.jpg\" alt=\"\" width=\"1532\" height=\"2048\" \/><\/p>\n<p><img loading=\"lazy\" decoding=\"async\" class=\"alignnone size-full wp-image-8548\" src=\"https:\/\/gkmke.sk\/zs\/wp-content\/uploads\/sites\/3\/2024\/11\/4.jpg\" alt=\"\" width=\"1223\" height=\"2048\" \/><\/p>\n","protected":false},"excerpt":{"rendered":"<p>Hodiny slovensk\u00e9ho jazyka \u00f4smakov a deviatakov sa d\u0148a 15. 11. 2024 zmenili na mal\u00e9 jazykov\u00e9 laborat\u00f3ri\u00e1. \u017diaci vypracov\u00e1vali vzdel\u00e1vaco-vedomostn\u00fd online kv\u00edz o slovenskom jazyku \u010di o hist\u00f3rii a funkcii Jazykovedn\u00e9ho \u00fastavu \u013d. \u0160t\u00fara Slovenskej akad\u00e9mie vied. \u017diaci zauj\u00edmavou formou pracovali &hellip; <\/p>\n","protected":false},"author":2,"featured_media":8561,"comment_status":"closed","ping_status":"closed","sticky":false,"template":"","format":"standard","meta":{"_acf_changed":false,"footnotes":""},"categories":[40],"tags":[42],"class_list":["post-8545","post","type-post","status-publish","format-standard","has-post-thumbnail","hentry","category-reportaze","tag-slider"],"acf":[],"_links":{"self":[{"href":"https:\/\/gkmke.sk\/zs\/wp-json\/wp\/v2\/posts\/8545","targetHints":{"allow":["GET"]}}],"collection":[{"href":"https:\/\/gkmke.sk\/zs\/wp-json\/wp\/v2\/posts"}],"about":[{"href":"https:\/\/gkmke.sk\/zs\/wp-json\/wp\/v2\/types\/post"}],"author":[{"embeddable":true,"href":"https:\/\/gkmke.sk\/zs\/wp-json\/wp\/v2\/users\/2"}],"replies":[{"embeddable":true,"href":"https:\/\/gkmke.sk\/zs\/wp-json\/wp\/v2\/comments?post=8545"}],"version-history":[{"count":0,"href":"https:\/\/gkmke.sk\/zs\/wp-json\/wp\/v2\/posts\/8545\/revisions"}],"wp:featuredmedia":[{"embeddable":true,"href":"https:\/\/gkmke.sk\/zs\/wp-json\/wp\/v2\/media\/8561"}],"wp:attachment":[{"href":"https:\/\/gkmke.sk\/zs\/wp-json\/wp\/v2\/media?parent=8545"}],"wp:term":[{"taxonomy":"category","embeddable":true,"href":"https:\/\/gkmke.sk\/zs\/wp-json\/wp\/v2\/categories?post=8545"},{"taxonomy":"post_tag","embeddable":true,"href":"https:\/\/gkmke.sk\/zs\/wp-json\/wp\/v2\/tags?post=8545"}],"curies":[{"name":"wp","href":"https:\/\/api.w.org\/{rel}","templated":true}]}}