{"id":8573,"date":"2024-11-19T10:45:40","date_gmt":"2024-11-19T09:45:40","guid":{"rendered":"https:\/\/gkmke.sk\/zstemp\/?p=8573"},"modified":"2024-11-19T10:45:40","modified_gmt":"2024-11-19T09:45:40","slug":"pisem-pises-piseme","status":"publish","type":"post","link":"https:\/\/gkmke.sk\/zs\/pisem-pises-piseme\/","title":{"rendered":"P\u00ed\u0161em, p\u00ed\u0161e\u0161, p\u00ed\u0161eme"},"content":{"rendered":"<p>V honosn\u00fdch priestoroch historick\u00e9ho ka\u0161tie\u013ea v Snine sa 15. novembra 2024 konal 23. ro\u010dn\u00edk autorskej s\u00fa\u0165a\u017ee Gerb\u00f3cova liter\u00e1rna Snina. Celoslovensk\u00e9 podujatie, ktor\u00e9 d\u00e1vno prekro\u010dilo hranice Slovenska, nesie meno v\u00fdznamn\u00e9ho sninsk\u00e9ho rod\u00e1ka Jozefa Gerb\u00f3ca, ktor\u00fd bol liter\u00e1rne \u010dinn\u00fd u\u017e od \u0161tudentsk\u00fdch \u010dias. \u00daspe\u0161n\u00e1 medzin\u00e1rodn\u00e1 liter\u00e1rna s\u00fa\u0165a\u017e je ur\u010den\u00e1 za\u010d\u00ednaj\u00facim po\u00e9tom, prozaikom i esejistom.<\/p>\n<p>N\u00e1\u0161 \u017eiak <strong>Matej Gardo\u0161<\/strong> zo <strong>7.A<\/strong> z\u00edskal <strong>\u010cestn\u00e9 uznanie<\/strong>. Srde\u010dne blaho\u017eel\u00e1me a \u010fakujeme za \u00faspe\u0161n\u00fa reprezent\u00e1ciu \u0161koly.<\/p>\n<p><img fetchpriority=\"high\" decoding=\"async\" class=\"alignnone size-full wp-image-8570\" src=\"https:\/\/gkmke.sk\/zs\/wp-content\/uploads\/sites\/3\/2024\/11\/1732006878019.jpg\" alt=\"\" width=\"1700\" height=\"2048\" \/> <img decoding=\"async\" class=\"alignnone size-full wp-image-8569\" src=\"https:\/\/gkmke.sk\/zs\/wp-content\/uploads\/sites\/3\/2024\/11\/1732006998304.jpg\" alt=\"\" width=\"2048\" height=\"1461\" \/><\/p>\n","protected":false},"excerpt":{"rendered":"<p>V honosn\u00fdch priestoroch historick\u00e9ho ka\u0161tie\u013ea v Snine sa 15. novembra 2024 konal 23. ro\u010dn\u00edk autorskej s\u00fa\u0165a\u017ee Gerb\u00f3cova liter\u00e1rna Snina. Celoslovensk\u00e9 podujatie, ktor\u00e9 d\u00e1vno prekro\u010dilo hranice Slovenska, nesie meno v\u00fdznamn\u00e9ho sninsk\u00e9ho rod\u00e1ka Jozefa Gerb\u00f3ca, ktor\u00fd bol liter\u00e1rne \u010dinn\u00fd u\u017e od \u0161tudentsk\u00fdch &hellip; <\/p>\n","protected":false},"author":2,"featured_media":8579,"comment_status":"closed","ping_status":"closed","sticky":false,"template":"","format":"standard","meta":{"_acf_changed":false,"footnotes":""},"categories":[40],"tags":[],"class_list":["post-8573","post","type-post","status-publish","format-standard","has-post-thumbnail","hentry","category-reportaze"],"acf":[],"_links":{"self":[{"href":"https:\/\/gkmke.sk\/zs\/wp-json\/wp\/v2\/posts\/8573","targetHints":{"allow":["GET"]}}],"collection":[{"href":"https:\/\/gkmke.sk\/zs\/wp-json\/wp\/v2\/posts"}],"about":[{"href":"https:\/\/gkmke.sk\/zs\/wp-json\/wp\/v2\/types\/post"}],"author":[{"embeddable":true,"href":"https:\/\/gkmke.sk\/zs\/wp-json\/wp\/v2\/users\/2"}],"replies":[{"embeddable":true,"href":"https:\/\/gkmke.sk\/zs\/wp-json\/wp\/v2\/comments?post=8573"}],"version-history":[{"count":0,"href":"https:\/\/gkmke.sk\/zs\/wp-json\/wp\/v2\/posts\/8573\/revisions"}],"wp:featuredmedia":[{"embeddable":true,"href":"https:\/\/gkmke.sk\/zs\/wp-json\/wp\/v2\/media\/8579"}],"wp:attachment":[{"href":"https:\/\/gkmke.sk\/zs\/wp-json\/wp\/v2\/media?parent=8573"}],"wp:term":[{"taxonomy":"category","embeddable":true,"href":"https:\/\/gkmke.sk\/zs\/wp-json\/wp\/v2\/categories?post=8573"},{"taxonomy":"post_tag","embeddable":true,"href":"https:\/\/gkmke.sk\/zs\/wp-json\/wp\/v2\/tags?post=8573"}],"curies":[{"name":"wp","href":"https:\/\/api.w.org\/{rel}","templated":true}]}}