{"id":8587,"date":"2024-11-19T15:22:15","date_gmt":"2024-11-19T14:22:15","guid":{"rendered":"https:\/\/gkmke.sk\/zstemp\/?p=8587"},"modified":"2024-11-19T15:22:15","modified_gmt":"2024-11-19T14:22:15","slug":"svetovy-den-deti","status":"publish","type":"post","link":"https:\/\/gkmke.sk\/zs\/svetovy-den-deti\/","title":{"rendered":"Svetov\u00fd de\u0148 det\u00ed"},"content":{"rendered":"<p>20. november je Svetov\u00fdm d\u0148om det\u00ed. Pri tejto pr\u00edle\u017eitosti sa tradi\u010dne konaj\u00fa podujatia na podporu my\u0161lienky Svetov\u00e9ho d\u0148a det\u00ed. Rozsvietia sa \u201cModr\u00e9 svetl\u00e1 UNICEF\u201d, ktor\u00e9 osvetlia v\u00fdznamn\u00e9 budovy alebo pamiatky na modro. V minul\u00fdch rokoch medzi ne patrili napr\u00edklad Opera v Sydney, Eiffelova ve\u017ea v Par\u00ed\u017ei, pyram\u00eddy v G\u00edze a mnoh\u00e9 \u010fal\u0161ie.<\/p>\n<p>20.11.2024 bud\u00fa osvetlen\u00e9 Modr\u00fdmi svetlami UNICEF tieto budovy a pamiatky:<\/p>\n<p>Bratislava: Bratislavsk\u00fd hrad, UFO, Star\u00e1 Tr\u017enica<br \/>\n<strong>Ko\u0161ice: D\u00f3m sv. Al\u017ebety<\/strong><br \/>\nBojnice: Bojnick\u00fd z\u00e1mok,<br \/>\nNitra: Chrenovsk\u00fd most, Divadlo Andreja Bagara,<br \/>\nBansk\u00e1 Bystrica: Hodinov\u00e1 ve\u017ea, Barbakan, Historick\u00e1 radnica,<br \/>\nKom\u00e1rno: Mono\u0161torsk\u00fd most<br \/>\nSpi\u0161sk\u00e1 Nov\u00e1 Ves: Radnica<br \/>\nTrnava: Radnica<br \/>\nPre\u0161ov: Radnica<\/p>\n<p>Deti symbolicky \u00fa\u010dinkuj\u00fa v rol\u00e1ch dospel\u00fdch, (vo svete zn\u00e1me ako \u201cKids takeover\u201d) ako report\u00e9ri, mana\u017e\u00e9ri \u010di v\u00fdznamn\u00ed politici. Na \u0161kol\u00e1ch deti vykon\u00e1vaj\u00fa r\u00f4zne aktivity zvy\u0161uj\u00face povedomie alebo vyjadruj\u00face spolupatri\u010dnos\u0165 s problematikou pr\u00e1v det\u00ed.<\/p>\n<p>Aj na\u0161a \u0161kola sa pridala svojimi aktivitami ako s\u00fa:<\/p>\n<ol>\n<li dir=\"ltr\">\n<p dir=\"ltr\" role=\"presentation\"><strong data-olk-copy-source=\"MessageBody\">Zvidite\u013enen\u00edm Dohovoru o pr\u00e1vach die\u0165a\u0165a:<\/strong>\u00a0<a title=\"https:\/\/unicef.us12.list-manage.com\/track\/click?u=98cc39345b3ad2c13860b51ba&amp;id=ce0ace8390&amp;e=c41e323b70\" href=\"https:\/\/unicef.us12.list-manage.com\/track\/click?u=98cc39345b3ad2c13860b51ba&amp;id=ce0ace8390&amp;e=c41e323b70\" target=\"_blank\" rel=\"noopener noreferrer\" data-auth=\"NotApplicable\" data-linkindex=\"1\">https:\/\/www.unicef.sk\/upload\/images\/skoly\/publikacie\/dohovor_2024.pdf<\/a><\/p>\n<\/li>\n<li dir=\"ltr\"><strong data-olk-copy-source=\"MessageBody\">\u201cModr\u00e9 svetl\u00e1 UNICEF\u201d\u00a0 na tvojej \u0161kole.\u00a0<\/strong>Nechajte &#8222;rozsvieti\u0165 na modro&#8220; svoju \u0161kolu pomocou aplik\u00e1ci\u00ed s podporou AI.<\/li>\n<\/ol>\n<p>&nbsp;<\/p>\n<p><img fetchpriority=\"high\" decoding=\"async\" class=\"alignnone size-full wp-image-8583\" src=\"https:\/\/gkmke.sk\/zs\/wp-content\/uploads\/sites\/3\/2024\/11\/skolanamodro.jpg\" alt=\"\" width=\"1920\" height=\"1080\" \/><\/p>\n<p>3. <strong>\u201cTurning the world (or school) blue\u201d<\/strong> &#8211; Preme\u0148me \u0161kolu na modro a <span data-olk-copy-source=\"MessageBody\">pr\u00ed\u010fte do \u0161koly oble\u010den\u00ed v modrom.<\/span><\/p>\n<p>&nbsp;<\/p>\n<p>&nbsp;<\/p>\n","protected":false},"excerpt":{"rendered":"<p>20. november je Svetov\u00fdm d\u0148om det\u00ed. Pri tejto pr\u00edle\u017eitosti sa tradi\u010dne konaj\u00fa podujatia na podporu my\u0161lienky Svetov\u00e9ho d\u0148a det\u00ed. Rozsvietia sa \u201cModr\u00e9 svetl\u00e1 UNICEF\u201d, ktor\u00e9 osvetlia v\u00fdznamn\u00e9 budovy alebo pamiatky na modro. V minul\u00fdch rokoch medzi ne patrili napr\u00edklad Opera &hellip; <\/p>\n","protected":false},"author":2,"featured_media":8590,"comment_status":"closed","ping_status":"closed","sticky":false,"template":"","format":"standard","meta":{"_acf_changed":false,"footnotes":""},"categories":[39],"tags":[42],"class_list":["post-8587","post","type-post","status-publish","format-standard","has-post-thumbnail","hentry","category-oznamy","tag-slider"],"acf":[],"_links":{"self":[{"href":"https:\/\/gkmke.sk\/zs\/wp-json\/wp\/v2\/posts\/8587","targetHints":{"allow":["GET"]}}],"collection":[{"href":"https:\/\/gkmke.sk\/zs\/wp-json\/wp\/v2\/posts"}],"about":[{"href":"https:\/\/gkmke.sk\/zs\/wp-json\/wp\/v2\/types\/post"}],"author":[{"embeddable":true,"href":"https:\/\/gkmke.sk\/zs\/wp-json\/wp\/v2\/users\/2"}],"replies":[{"embeddable":true,"href":"https:\/\/gkmke.sk\/zs\/wp-json\/wp\/v2\/comments?post=8587"}],"version-history":[{"count":0,"href":"https:\/\/gkmke.sk\/zs\/wp-json\/wp\/v2\/posts\/8587\/revisions"}],"wp:featuredmedia":[{"embeddable":true,"href":"https:\/\/gkmke.sk\/zs\/wp-json\/wp\/v2\/media\/8590"}],"wp:attachment":[{"href":"https:\/\/gkmke.sk\/zs\/wp-json\/wp\/v2\/media?parent=8587"}],"wp:term":[{"taxonomy":"category","embeddable":true,"href":"https:\/\/gkmke.sk\/zs\/wp-json\/wp\/v2\/categories?post=8587"},{"taxonomy":"post_tag","embeddable":true,"href":"https:\/\/gkmke.sk\/zs\/wp-json\/wp\/v2\/tags?post=8587"}],"curies":[{"name":"wp","href":"https:\/\/api.w.org\/{rel}","templated":true}]}}