{"id":8715,"date":"2024-11-26T22:23:24","date_gmt":"2024-11-26T21:23:24","guid":{"rendered":"https:\/\/gkmke.sk\/zstemp\/?p=8715"},"modified":"2024-11-26T22:23:24","modified_gmt":"2024-11-26T21:23:24","slug":"prenasledovani-pre-vieru","status":"publish","type":"post","link":"https:\/\/gkmke.sk\/zs\/prenasledovani-pre-vieru\/","title":{"rendered":"Prenasledovan\u00ed pre vieru"},"content":{"rendered":"<div class=\"xdj266r x11i5rnm xat24cr x1mh8g0r x1vvkbs x126k92a\">\n<div dir=\"auto\"><span class=\"html-span xexx8yu x4uap5 x18d9i69 xkhd6sd x1hl2dhg x16tdsg8 x1vvkbs x3nfvp2 x1j61x8r x1fcty0u xdj266r xat24cr xgzva0m xhhsvwb xxymvpz xlup9mm x1kky2od\"><img decoding=\"async\" class=\"xz74otr\" src=\"https:\/\/static.xx.fbcdn.net\/images\/emoji.php\/v9\/t3f\/1\/16\/1f30d.png\" alt=\"\ud83c\udf0d\" width=\"16\" height=\"16\" \/><\/span><span class=\"html-span xexx8yu x4uap5 x18d9i69 xkhd6sd x1hl2dhg x16tdsg8 x1vvkbs x3nfvp2 x1j61x8r x1fcty0u xdj266r xat24cr xgzva0m xhhsvwb xxymvpz xlup9mm x1kky2od\"><img decoding=\"async\" class=\"xz74otr\" src=\"https:\/\/static.xx.fbcdn.net\/images\/emoji.php\/v9\/t80\/1\/16\/1f64f.png\" alt=\"\ud83d\ude4f\" width=\"16\" height=\"16\" \/><\/span> 27. novembra si pripom\u00edname obete n\u00e1bo\u017eensky motivovan\u00e9ho prenasledovania, ktor\u00e9 je, \u017eia\u013e, realitou aj v s\u00fa\u010dasnom svete. <span class=\"html-span xexx8yu x4uap5 x18d9i69 xkhd6sd x1hl2dhg x16tdsg8 x1vvkbs x3nfvp2 x1j61x8r x1fcty0u xdj266r xat24cr xgzva0m xhhsvwb xxymvpz xlup9mm x1kky2od\"><img decoding=\"async\" class=\"xz74otr\" src=\"https:\/\/static.xx.fbcdn.net\/images\/emoji.php\/v9\/te7\/1\/16\/1f494.png\" alt=\"\ud83d\udc94\" width=\"16\" height=\"16\" \/><\/span> Medzin\u00e1rodn\u00e1 p\u00e1pe\u017esk\u00e1 nad\u00e1cia ACN \u2013 Pomoc trpiacej Cirkvi ka\u017edoro\u010dne v novembri upozor\u0148uje na tento probl\u00e9m prostredn\u00edctvom kampa<span class=\"html-span xdj266r x11i5rnm xat24cr x1mh8g0r xexx8yu x4uap5 x18d9i69 xkhd6sd x1hl2dhg x16tdsg8 x1vvkbs\"><a class=\"x1i10hfl xjbqb8w x1ejq31n xd10rxx x1sy0etr x17r0tee x972fbf xcfux6l x1qhh985 xm0m39n x9f619 x1ypdohk xt0psk2 xe8uvvx xdj266r x11i5rnm xat24cr x1mh8g0r xexx8yu x4uap5 x18d9i69 xkhd6sd x16tdsg8 x1hl2dhg xggy1nq x1a2a7pz x1sur9pj xkrqix3 x1fey0fg x1s688f\" role=\"link\" href=\"https:\/\/www.facebook.com\/hashtag\/%C4%8Derven%C3%A1streda?__eep__=6&amp;__cft__[0]=AZWlcG1DR06_1Ub6BnMqoI8NQPfAoaA7huYqEK3I4PUqzFl_MCVzhpymFAHcxFB4MkIKgI9Fzq1XBhOwbuT8CDyCwyf5xLtVr53ErmIa6oK3-1JYhZofWLpDMfN78sj3LOh6t33UgPhVSyV00dJCX8cE8q6g-hx2Y0u2PqGQoboLBceJyalT_uMcL_Kj2DRWhK_t6eBqrLp0nLzfhaO1aHdb&amp;__tn__=*NK-R\" target=\"_blank\" rel=\"noopener\">ne #\u010cerven\u00e1Streda<\/a><\/span>. \u00a0Symbolom tejto iniciat\u00edvy je \u010derven\u00e1 farba, ktor\u00e1 pripom\u00edna mu\u010den\u00edctvo a utrpenie za vieru.<\/div>\n<\/div>\n<div class=\"x11i5rnm xat24cr x1mh8g0r x1vvkbs xtlvy1s x126k92a\">\n<div dir=\"auto\"><span class=\"html-span xexx8yu x4uap5 x18d9i69 xkhd6sd x1hl2dhg x16tdsg8 x1vvkbs x3nfvp2 x1j61x8r x1fcty0u xdj266r xat24cr xgzva0m xhhsvwb xxymvpz xlup9mm x1kky2od\"><img loading=\"lazy\" decoding=\"async\" class=\"xz74otr\" src=\"https:\/\/static.xx.fbcdn.net\/images\/emoji.php\/v9\/t95\/1\/16\/1f3f0.png\" alt=\"\ud83c\udff0\" width=\"16\" height=\"16\" \/><\/span> Na Slovensku sa dnes, 27. novembra, \u010derven\u00fdm svetlom rozsvietili viacer\u00e9 v\u00fdznamn\u00e9 stavby: Bratislavsk\u00fd hrad, Prezidentsk\u00fd pal\u00e1c, Most SNP, D\u00f3m sv. Al\u017ebety v Ko\u0161iciach, mestsk\u00e1 radnica v Trnave, Bazilika sv. Mikul\u00e1\u0161a, Katedr\u00e1la sv. J\u00e1na Krstite\u013ea, Bazilika sv. Emer\u00e1ma na Nitrianskom hrade, mestsk\u00e1 ve\u017ea v Tren\u010d\u00edne, Spi\u0161sk\u00e1 kapitula a \u010fal\u0161ie.<\/div>\n<\/div>\n<div class=\"x11i5rnm xat24cr x1mh8g0r x1vvkbs xtlvy1s x126k92a\">\n<div dir=\"auto\">Na\u0161a \u0161kola sa tie\u017e zapojila do tejto iniciat\u00edvy:<\/div>\n<div dir=\"auto\"><span class=\"html-span xexx8yu x4uap5 x18d9i69 xkhd6sd x1hl2dhg x16tdsg8 x1vvkbs x3nfvp2 x1j61x8r x1fcty0u xdj266r xat24cr xgzva0m xhhsvwb xxymvpz xlup9mm x1kky2od\"><img loading=\"lazy\" decoding=\"async\" class=\"xz74otr\" src=\"https:\/\/static.xx.fbcdn.net\/images\/emoji.php\/v9\/t6c\/1\/16\/2764.png\" alt=\"\u2764\ufe0f\" width=\"16\" height=\"16\" \/><\/span>Obliekli sme si \u010derven\u00e9 oble\u010denie na znak solidarity.<\/div>\n<div dir=\"auto\"><span class=\"html-span xexx8yu x4uap5 x18d9i69 xkhd6sd x1hl2dhg x16tdsg8 x1vvkbs x3nfvp2 x1j61x8r x1fcty0u xdj266r xat24cr xgzva0m xhhsvwb xxymvpz xlup9mm x1kky2od\"><img decoding=\"async\" class=\"xz74otr\" src=\"https:\/\/static.xx.fbcdn.net\/images\/emoji.php\/v9\/t80\/1\/16\/1f64f.png\" alt=\"\ud83d\ude4f\" width=\"16\" height=\"16\" \/><\/span> Spolo\u010dne sme sa na za\u010diatku 1. hodiny pomodlili za prenasledovan\u00fdch kres\u0165anov.<\/div>\n<\/div>\n<div class=\"x11i5rnm xat24cr x1mh8g0r x1vvkbs xtlvy1s x126k92a\">\n<div dir=\"auto\">\u0160\u00edrme osvetu, modlime sa za prenasledovan\u00fdch a bu\u010fme hlasom t\u00fdch, ktor\u00fdch uml\u010dali. <span class=\"html-span xexx8yu x4uap5 x18d9i69 xkhd6sd x1hl2dhg x16tdsg8 x1vvkbs x3nfvp2 x1j61x8r x1fcty0u xdj266r xat24cr xgzva0m xhhsvwb xxymvpz xlup9mm x1kky2od\"><img loading=\"lazy\" decoding=\"async\" class=\"xz74otr\" src=\"https:\/\/static.xx.fbcdn.net\/images\/emoji.php\/v9\/t6c\/1\/16\/2764.png\" alt=\"\u2764\ufe0f\" width=\"16\" height=\"16\" \/><\/span><\/div>\n<\/div>\n<p><img loading=\"lazy\" decoding=\"async\" class=\"alignnone size-full wp-image-8724\" src=\"https:\/\/gkmke.sk\/zs\/wp-content\/uploads\/sites\/3\/2024\/11\/piataci.jpg\" alt=\"\" width=\"2048\" height=\"922\" \/><\/p>\n<p><img loading=\"lazy\" decoding=\"async\" class=\"alignnone size-full wp-image-8725\" src=\"https:\/\/gkmke.sk\/zs\/wp-content\/uploads\/sites\/3\/2024\/11\/siestaci.jpeg\" alt=\"\" width=\"2048\" height=\"1537\" \/><\/p>\n<p><img loading=\"lazy\" decoding=\"async\" class=\"alignnone size-full wp-image-8726\" src=\"https:\/\/gkmke.sk\/zs\/wp-content\/uploads\/sites\/3\/2024\/11\/horna-chodba-fb.jpg\" alt=\"\" width=\"2048\" height=\"1384\" \/><\/p>\n<p>&nbsp;<\/p>\n","protected":false},"excerpt":{"rendered":"<p>27. novembra si pripom\u00edname obete n\u00e1bo\u017eensky motivovan\u00e9ho prenasledovania, ktor\u00e9 je, \u017eia\u013e, realitou aj v s\u00fa\u010dasnom svete. Medzin\u00e1rodn\u00e1 p\u00e1pe\u017esk\u00e1 nad\u00e1cia ACN \u2013 Pomoc trpiacej Cirkvi ka\u017edoro\u010dne v novembri upozor\u0148uje na tento probl\u00e9m prostredn\u00edctvom kampane #\u010cerven\u00e1Streda. \u00a0Symbolom tejto iniciat\u00edvy je \u010derven\u00e1 farba, &hellip; <\/p>\n","protected":false},"author":2,"featured_media":8714,"comment_status":"closed","ping_status":"closed","sticky":false,"template":"","format":"standard","meta":{"_acf_changed":false,"footnotes":""},"categories":[40],"tags":[42],"class_list":["post-8715","post","type-post","status-publish","format-standard","has-post-thumbnail","hentry","category-reportaze","tag-slider"],"acf":[],"_links":{"self":[{"href":"https:\/\/gkmke.sk\/zs\/wp-json\/wp\/v2\/posts\/8715","targetHints":{"allow":["GET"]}}],"collection":[{"href":"https:\/\/gkmke.sk\/zs\/wp-json\/wp\/v2\/posts"}],"about":[{"href":"https:\/\/gkmke.sk\/zs\/wp-json\/wp\/v2\/types\/post"}],"author":[{"embeddable":true,"href":"https:\/\/gkmke.sk\/zs\/wp-json\/wp\/v2\/users\/2"}],"replies":[{"embeddable":true,"href":"https:\/\/gkmke.sk\/zs\/wp-json\/wp\/v2\/comments?post=8715"}],"version-history":[{"count":0,"href":"https:\/\/gkmke.sk\/zs\/wp-json\/wp\/v2\/posts\/8715\/revisions"}],"wp:featuredmedia":[{"embeddable":true,"href":"https:\/\/gkmke.sk\/zs\/wp-json\/wp\/v2\/media\/8714"}],"wp:attachment":[{"href":"https:\/\/gkmke.sk\/zs\/wp-json\/wp\/v2\/media?parent=8715"}],"wp:term":[{"taxonomy":"category","embeddable":true,"href":"https:\/\/gkmke.sk\/zs\/wp-json\/wp\/v2\/categories?post=8715"},{"taxonomy":"post_tag","embeddable":true,"href":"https:\/\/gkmke.sk\/zs\/wp-json\/wp\/v2\/tags?post=8715"}],"curies":[{"name":"wp","href":"https:\/\/api.w.org\/{rel}","templated":true}]}}