{"id":8882,"date":"2025-01-14T21:30:00","date_gmt":"2025-01-14T20:30:00","guid":{"rendered":"https:\/\/gkmke.sk\/zstemp\/?p=8882"},"modified":"2025-01-14T21:30:00","modified_gmt":"2025-01-14T20:30:00","slug":"moderne-regaly-klasicke-pribehy-skolska-kniznica-zaziva-renesanciu","status":"publish","type":"post","link":"https:\/\/gkmke.sk\/zs\/moderne-regaly-klasicke-pribehy-skolska-kniznica-zaziva-renesanciu\/","title":{"rendered":"Modern\u00e9 reg\u00e1ly, klasick\u00e9 pr\u00edbehy:\u00a0\u0160kolsk\u00e1 kni\u017enica za\u017e\u00edva renesanciu"},"content":{"rendered":"<p>Znovuotvorenie vynovenej \u0161kolskej kni\u017enice Spojenej \u0161koly sv. Ko\u0161ick\u00fdch mu\u010den\u00edkov<\/p>\n<p><a href=\"https:\/\/www.tvkosice.sk\/video\/6788a9020cf15c87fad69bda\" target=\"_blank\" rel=\"noopener\">Report\u00e1\u017e TV Ko\u0161ice<\/a><\/p>\n<p><img fetchpriority=\"high\" decoding=\"async\" class=\"alignnone size-full wp-image-12409\" src=\"https:\/\/gkmke.sk\/gym\/wp-content\/uploads\/sites\/4\/2025\/01\/20250114-103339.jpg\" alt=\"\" width=\"2048\" height=\"1536\" \/><\/p>\n<p>V priestoroch Spojenej \u0161koly sv. Ko\u0161ick\u00fdch mu\u010den\u00edkov na S\u00eddlisku KVP sa 14. janu\u00e1ra 2025 uskuto\u010dnilo sl\u00e1vnostn\u00e9 znovuotvorenie vynovenej \u0161kolskej kni\u017enice. V\u00fdznamn\u00e1 udalos\u0165 pre \u0161kolu i cel\u00fa komunitu prebehla za \u00fa\u010dasti prim\u00e1tora mesta Ko\u0161ice Ing. Jaroslava Pola\u010deka, n\u00e1mestn\u00edka prim\u00e1tora Mgr. Marcela Gib\u00f3du, riadite\u013eky Kni\u017enice mesta Ko\u0161ice PhDr. Kamily Prextovej, starostu mestskej \u010dasti KVP Mgr. Ladislava L\u00f6rinca a\u00a0riadite\u013eky Spojenej \u0161koly sv. Ko\u0161ick\u00fdch mu\u010den\u00edkov RNDr. Adriany Bariovej. Pr\u00edtomn\u00ed boli aj zamestnanci \u0161koly a \u0161tudenti gymn\u00e1zia, ktor\u00ed si pripravili kr\u00e1tky kult\u00farny program.<\/p>\n<p><img decoding=\"async\" class=\"alignnone size-full wp-image-12411\" src=\"https:\/\/gkmke.sk\/gym\/wp-content\/uploads\/sites\/4\/2025\/01\/img-3298.jpeg\" alt=\"\" width=\"2048\" height=\"1536\" \/><\/p>\n<p>Kni\u017enica pre\u0161la kompletnou modernou \u00fapravou. Nov\u00fd interi\u00e9r je navrhnut\u00fd tak, aby podporoval kreat\u00edvne myslenie a vytv\u00e1ral pr\u00edjemn\u00e9 prostredie pre \u010d\u00edtanie a u\u010denie.<\/p>\n<p>Prim\u00e1tor mesta Ko\u0161ice Jaroslav Pola\u010dek vo svojom pr\u00edhovore ocenil pr\u00e1cu \u0161koly a jej snahu vytv\u00e1ra\u0165 kvalitn\u00e9 podmienky pre vzdel\u00e1vanie det\u00ed a ml\u00e1de\u017ee. Vyjadril podporu invest\u00edci\u00e1m do vzdelania a kult\u00farnych projektov, ktor\u00e9 posil\u0148uj\u00fa komunitn\u00fd \u017eivot v meste. \u201eKni\u017enice s\u00fa srdcom vzdel\u00e1vania a kult\u00fary. Ver\u00edm, \u017ee t\u00e1to modern\u00e1 kni\u017enica bude in\u0161pir\u00e1ciou pre \u017eiakov a podpor\u00ed ich l\u00e1sku k \u010d\u00edtaniu,&#8220; uviedol prim\u00e1tor. Zd\u00f4raznil v\u00fdznam spolupr\u00e1ce medzi \u0161kolami, mestom a kult\u00farnymi in\u0161tit\u00faciami, aby deti mali pr\u00edstup k modernej forme vzdel\u00e1vania. Pr\u00edtomn\u00fdch pote\u0161il pr\u00eds\u013eubom \u010fal\u0161ej podpory vzdel\u00e1vac\u00edch projektov. Vo svojom pr\u00edhovore zd\u00f4raznil v\u00fdznam \u010d\u00edtania pre rozvoj det\u00ed a finan\u010dn\u00fa podporu mesta a mestskej \u010dasti, v\u010faka ktorej bolo mo\u017en\u00e9 moderniz\u00e1ciu uskuto\u010dni\u0165.<\/p>\n<p><img decoding=\"async\" class=\"alignnone size-full wp-image-12412\" src=\"https:\/\/gkmke.sk\/gym\/wp-content\/uploads\/sites\/4\/2025\/01\/20250114-104222.jpg\" alt=\"\" width=\"2048\" height=\"1536\" \/><\/p>\n<p>Starosta mestskej \u010dasti KVP Ladislav L\u00f6rinc vyzdvihol v\u00fdznam kni\u017enice ako komunitn\u00e9ho centra, ktor\u00e9 bude sl\u00fa\u017ei\u0165 nielen \u017eiakom \u0161koly, ale aj \u0161ir\u0161ej verejnosti. \u201eJe d\u00f4le\u017eit\u00e9, aby si deti budovali vz\u0165ah ku knih\u00e1m u\u017e od \u00fatleho veku. Kni\u017enica je miesto, kde m\u00f4\u017eu objavi\u0165 nielen svet fant\u00e1zie, ale aj nadobudn\u00fa\u0165 vedomosti, ktor\u00e9 ich pripravia na \u017eivot,&#8220; povedal starosta.<\/p>\n<p><img loading=\"lazy\" decoding=\"async\" class=\"alignnone size-full wp-image-12413\" src=\"https:\/\/gkmke.sk\/gym\/wp-content\/uploads\/sites\/4\/2025\/01\/20250114-104515.jpg\" alt=\"\" width=\"2048\" height=\"1536\" \/><\/p>\n<p>Pani riadite\u013eka \u0161koly Adriana Bariov\u00e1 vo svojom pr\u00edhovore vyzdvihla svoju kni\u017enicu ako miesto na rozvoj vedomost\u00ed, kreativity a kritick\u00e9ho h\u013eadiska. Po\u010fakovala sa v\u0161etk\u00fdm, ktor\u00ed sa podie\u013eali na renov\u00e1cii kni\u017enice, a zd\u00f4raznila, \u017ee vynoven\u00e9 priestory prines\u00fa \u017eiakom nov\u00e9 mo\u017enosti vzdel\u00e1vania.<\/p>\n<p><img loading=\"lazy\" decoding=\"async\" class=\"alignnone size-full wp-image-12414\" src=\"https:\/\/gkmke.sk\/gym\/wp-content\/uploads\/sites\/4\/2025\/01\/20250114-104842.jpg\" alt=\"\" width=\"2048\" height=\"1536\" \/><\/p>\n<p>Riadite\u013eka Kni\u017enice mesta Ko\u0161ice Kamila Prextov\u00e1 po\u010das svojho pr\u00edhovoru vyjadrila rados\u0165 z toho, \u017ee \u0161kola intenz\u00edvne podporuje \u010d\u00edtanie a kult\u00farne aktivity.<\/p>\n<p><img loading=\"lazy\" decoding=\"async\" class=\"alignnone size-full wp-image-12415\" src=\"https:\/\/gkmke.sk\/gym\/wp-content\/uploads\/sites\/4\/2025\/01\/img-3306.jpeg\" alt=\"\" width=\"1536\" height=\"2048\" \/><\/p>\n<p>Pr\u00edtomn\u00ed hostia vyslovili presved\u010denie, \u017ee kni\u017enica bude sl\u00fa\u017ei\u0165 ako in\u0161pirat\u00edvne miesto pre vzdel\u00e1vanie a vzdel\u00e1vacie aktivity a zhodli sa na tom, \u017ee bude pre \u017eiakov motiv\u00e1ciou k \u010fal\u0161iemu rozvoju a k podpore ich vz\u0165ahu k \u010d\u00edtaniu a k vzdel\u00e1vaniu.<\/p>\n<p><img loading=\"lazy\" decoding=\"async\" class=\"alignnone size-full wp-image-12410\" src=\"https:\/\/gkmke.sk\/gym\/wp-content\/uploads\/sites\/4\/2025\/01\/img-3339.jpeg\" alt=\"\" width=\"2048\" height=\"1536\" \/><\/p>\n<p>Na z\u00e1ver sl\u00e1vnosti bola symbolicky prestrihnut\u00e1 p\u00e1ska, \u010d\u00edm bola kni\u017enica uveden\u00e1 do prev\u00e1dzky. Tento moment bol sprev\u00e1dzan\u00fd potleskom a slovami n\u00e1deje, \u017ee nov\u00e9 priestory prines\u00fa \u017eiakom mno\u017estvo podnetov na u\u010denie, tvorenie a rozvoj ich potenci\u00e1lu.<\/p>\n<p><img loading=\"lazy\" decoding=\"async\" class=\"alignnone size-full wp-image-12408\" src=\"https:\/\/gkmke.sk\/gym\/wp-content\/uploads\/sites\/4\/2025\/01\/img-3318.jpeg\" alt=\"\" width=\"2048\" height=\"1536\" \/><\/p>\n<p>\u010eakujeme v\u0161etk\u00fdm, ktor\u00ed prilo\u017eili ruku k\u00a0dielu.<\/p>\n","protected":false},"excerpt":{"rendered":"<p>Znovuotvorenie vynovenej \u0161kolskej kni\u017enice Spojenej \u0161koly sv. Ko\u0161ick\u00fdch mu\u010den\u00edkov Report\u00e1\u017e TV Ko\u0161ice V priestoroch Spojenej \u0161koly sv. Ko\u0161ick\u00fdch mu\u010den\u00edkov na S\u00eddlisku KVP sa 14. janu\u00e1ra 2025 uskuto\u010dnilo sl\u00e1vnostn\u00e9 znovuotvorenie vynovenej \u0161kolskej kni\u017enice. V\u00fdznamn\u00e1 udalos\u0165 pre \u0161kolu i cel\u00fa komunitu prebehla &hellip; <\/p>\n","protected":false},"author":1,"featured_media":8883,"comment_status":"closed","ping_status":"closed","sticky":false,"template":"","format":"standard","meta":{"_acf_changed":false,"footnotes":""},"categories":[39],"tags":[42],"class_list":["post-8882","post","type-post","status-publish","format-standard","has-post-thumbnail","hentry","category-oznamy","tag-slider"],"acf":[],"_links":{"self":[{"href":"https:\/\/gkmke.sk\/zs\/wp-json\/wp\/v2\/posts\/8882","targetHints":{"allow":["GET"]}}],"collection":[{"href":"https:\/\/gkmke.sk\/zs\/wp-json\/wp\/v2\/posts"}],"about":[{"href":"https:\/\/gkmke.sk\/zs\/wp-json\/wp\/v2\/types\/post"}],"author":[{"embeddable":true,"href":"https:\/\/gkmke.sk\/zs\/wp-json\/wp\/v2\/users\/1"}],"replies":[{"embeddable":true,"href":"https:\/\/gkmke.sk\/zs\/wp-json\/wp\/v2\/comments?post=8882"}],"version-history":[{"count":0,"href":"https:\/\/gkmke.sk\/zs\/wp-json\/wp\/v2\/posts\/8882\/revisions"}],"wp:featuredmedia":[{"embeddable":true,"href":"https:\/\/gkmke.sk\/zs\/wp-json\/wp\/v2\/media\/8883"}],"wp:attachment":[{"href":"https:\/\/gkmke.sk\/zs\/wp-json\/wp\/v2\/media?parent=8882"}],"wp:term":[{"taxonomy":"category","embeddable":true,"href":"https:\/\/gkmke.sk\/zs\/wp-json\/wp\/v2\/categories?post=8882"},{"taxonomy":"post_tag","embeddable":true,"href":"https:\/\/gkmke.sk\/zs\/wp-json\/wp\/v2\/tags?post=8882"}],"curies":[{"name":"wp","href":"https:\/\/api.w.org\/{rel}","templated":true}]}}