{"id":9074,"date":"2025-02-12T23:33:32","date_gmt":"2025-02-12T22:33:32","guid":{"rendered":"https:\/\/gkmke.sk\/zstemp\/?p=9074"},"modified":"2025-05-23T21:45:09","modified_gmt":"2025-05-23T19:45:09","slug":"drapak-v-bunkri","status":"publish","type":"post","link":"https:\/\/gkmke.sk\/zs\/drapak-v-bunkri\/","title":{"rendered":"Drap\u00e1k v bunkri"},"content":{"rendered":"<p data-start=\"55\" data-end=\"399\"><em><strong>T\u00edm: GreenVAK<\/strong><\/em><\/p>\n<p data-start=\"55\" data-end=\"399\"><img decoding=\"async\" class=\"alignnone size-full wp-image-17340\" src=\"https:\/\/gkmke.sk\/zs\/wp-content\/uploads\/sites\/3\/2025\/05\/logo_greenfluenceri_na_web_zmens.png\" alt=\"\" width=\"100\" height=\"52\" \/><img decoding=\"async\" class=\"alignnone size-full wp-image-17341\" src=\"https:\/\/gkmke.sk\/zs\/wp-content\/uploads\/sites\/3\/2025\/05\/logo_spp_na_web_zmens.png\" alt=\"\" width=\"179\" height=\"40\" \/><\/p>\n<p data-start=\"55\" data-end=\"399\">V r\u00e1mci projektu <a href=\"https:\/\/www.ekofondspp.sk\/greenfluenceri.html\" target=\"_blank\" rel=\"noopener\">Greenfluenceri a energie<\/a>, ktor\u00fd organizuje <a href=\"https:\/\/www.ekofondspp.sk\/\" target=\"_blank\" rel=\"noopener\">EkofondSPP<\/a>, sme sa v jedno chladn\u00e9 ale slne\u010dn\u00e9 dopoludnie z\u00fa\u010dastnili spolu s na\u0161imi spolu\u017eiakmi z 8.B zauj\u00edmavej exkurzie do <a href=\"https:\/\/www.kosit.sk\/skoly-a-osveta\/centrum-environmentalnej-vychovy\/\" target=\"_blank\" rel=\"noopener\">Centra environment\u00e1lnej v\u00fdchovy<\/a>. V\u010faka spolo\u010dnosti <a href=\"https:\/\/www.naturpack.sk\/\" target=\"_blank\" rel=\"noopener\">NATUR-PACK<\/a>, ktor\u00e1 poskytuje spolo\u010dnosti <a href=\"https:\/\/www.kosit.sk\/\" target=\"_blank\" rel=\"noopener\">KOSIT a.s.<\/a> bezplatn\u00fa dopravu autobusom pre \u0161koly, sme sa priviezli priamo do are\u00e1lu ne\u010faleko obce Kok\u0161ov-Bak\u0161a.<\/p>\n<p data-start=\"55\" data-end=\"399\">Na exkurzii sme sa dozvedeli ve\u013aa nov\u00fdch inform\u00e1ci\u00ed o ochrane \u017eivotn\u00e9ho prostredia a procesoch spojen\u00fdch s recyklovan\u00edm a spracovan\u00edm odpadu.<\/p>\n<p data-start=\"401\" data-end=\"758\">Po pr\u00edchode do centra n\u00e1s priv\u00edtala pani lektorka Mgr. \u013dubom\u00edra Brzov\u00e1 a hne\u010f n\u00e1s vyzbrojila reflexn\u00fdmi vestami a zelen\u00fdmi prilbami. Bezpe\u010dnos\u0165 toti\u017e musela by\u0165 na prvom mieste.\u00a0 Nasledovala prehliadka vonkaj\u0161ieho are\u00e1lu, kde sme mali pr\u00edle\u017eitos\u0165 vidie\u0165, ako sa v praxi triedia r\u00f4zne druhy odpadu \u2013 papier, plast a kovy.<\/p>\n<p data-start=\"401\" data-end=\"758\"><img fetchpriority=\"high\" decoding=\"async\" class=\"alignnone size-full wp-image-9067\" src=\"https:\/\/gkmke.sk\/zs\/wp-content\/uploads\/sites\/3\/2025\/02\/20250211-091237.jpg\" alt=\"\" width=\"1144\" height=\"2048\" \/><\/p>\n<p data-start=\"401\" data-end=\"758\">Prehliadka pokra\u010dovala n\u00e1v\u0161tevou\u00a0<a href=\"https:\/\/www.kosit.sk\/sluzby\/prevadzka-zevo\/\" target=\"_blank\" rel=\"noopener\">ZEVO<\/a>, \u010do je modern\u00e9<strong>\u00a0Z<\/strong>ariadenie na <strong>E<\/strong>nergetick\u00e9 <strong>V<\/strong>yu\u017eitie <strong>O<\/strong>dpadu. Tento proces patr\u00ed k najekologickej\u0161\u00edm a najefekt\u00edvnej\u0161\u00edm sp\u00f4sobom nakladania s odpadmi.\u00a0V ZEVO toti\u017e prebieha ekologick\u00e9 a efekt\u00edvne spa\u013eovanie odpadu, pri\u010dom vzniknut\u00e9 teplo sa vyu\u017e\u00edva na v\u00fdrobu elektrickej energie.<\/p>\n<p data-start=\"401\" data-end=\"758\"><img loading=\"lazy\" decoding=\"async\" class=\"alignnone size-full wp-image-9073\" src=\"https:\/\/gkmke.sk\/zs\/wp-content\/uploads\/sites\/3\/2025\/02\/20250211-093452-1.jpg\" alt=\"\" width=\"2048\" height=\"1144\" \/><\/p>\n<p data-start=\"401\" data-end=\"758\">Vedeli ste, \u017ee t\u00e1to elektrick\u00e1 energia n\u00e1sledne putuje a\u017e do 20 000 dom\u00e1cnost\u00ed v Ko\u0161iciach? Zariadenie sa udr\u017eiava na vysokej \u00farovni v\u010faka neust\u00e1lej moderniz\u00e1cii. To umo\u017e\u0148uje dodr\u017eiava\u0165 pr\u00edsne emisn\u00e9 limity, ktor\u00e9 s\u00fa pribli\u017ene na \u00farovni 15 % povolen\u00fdch hodn\u00f4t. T\u00fdm sa zara\u010fuje ko\u0161ick\u00e1 prev\u00e1dzka medzi \u0161pi\u010dkov\u00e9 prev\u00e1dzky z\u00e1padnej Eur\u00f3py z h\u013eadiska environment\u00e1lnych dopadov. Okrem Ko\u0161\u00edc je ZEVO u\u017e len v Bratislave, aj ke\u010f na Slovensku by sa zi\u0161li e\u0161te najmenej \u010fal\u0161ie \u0161tyri. Slovensko je toti\u017e nesl\u00e1vne zn\u00e1me aj t\u00fdm, \u017ee sme &#8222;krajina skl\u00e1dok&#8220; a ich po\u010det vysoko prevy\u0161uje \u0161tandard v in\u00fdch Eur\u00f3pskych krajin\u00e1ch.<\/p>\n<p data-start=\"401\" data-end=\"758\"><img loading=\"lazy\" decoding=\"async\" class=\"alignnone size-full wp-image-9069\" src=\"https:\/\/gkmke.sk\/zs\/wp-content\/uploads\/sites\/3\/2025\/02\/20250211-092205.jpg\" alt=\"\" width=\"2048\" height=\"1144\" \/><\/p>\n<ul>\n<li data-start=\"1175\" data-end=\"1489\">Zauj\u00edmavou s\u00fa\u010das\u0165ou exkurzie bol aj pe\u0161\u00ed v\u00fdstup na 7. poschodie do kab\u00edny \u017eeriavnikov.\u00a0 Tam sme mali, cez bezpe\u010dnostn\u00e9 sklo, mo\u017enos\u0165 sledova\u0165 ako \u017eeriav naklad\u00e1 odpad do spa\u013eovac\u00edch pec\u00ed. Tento proces prebieha pomocou zariadenia naz\u00fdvan\u00e9ho drap\u00e1k a odpad je vyzdvihovan\u00fd zo \u0161peci\u00e1lnej jamy naz\u00fdvanej bunker, ktor\u00e1 m\u00e1 h\u013abku a\u017e 28 metrov. Pln\u00e1 ale nikdy nebola. &#8222;Neodpor\u00fa\u010da sa to z h\u013eadiska bezpe\u010dnosti&#8220;, povedal n\u00e1m jeden zo \u017eeriavnikov, pri\u010dom nesp\u00fa\u0161\u0165al o\u010di z drap\u00e1ka. Spa\u013eovanie odpadu prebieha toti\u017e\u00a0 nepretr\u017eite a mimoriadne d\u00f4le\u017eit\u00e9 je tento odpad pravidelne &#8222;prevzdu\u0161\u0148ova\u0165&#8220;, aby bol proces spa\u013eovania plynul\u00fd.\u00a0 A \u017ee sa spotrebuje naozaj v\u0161etko? Svoje vyu\u017eitie n\u00e1jde aj &#8222;odpad&#8220; zo spa\u013eovne. Je to toti\u017e \u0161kvara, ktor\u00e1 sa d\u00e1 vyu\u017ei\u0165\u00a0 napr\u00edklad pri stavbe ciest. Neust\u00e1ly monitoring cel\u00e9ho procesu od pr\u00edchodu\u00a0 n\u00e1kladn\u00fdch \u00e1ut, cez rozvoz na jednotliv\u00e9 prev\u00e1dzky ur\u010den\u00e9 na \u010fal\u0161ie triedenie separovan\u00e9ho odpadu a\u017e po procesy v &#8222;bunkri&#8220; a spa\u013eovac\u00edch peciach sleduj\u00fa zamestnanci na ve\u013ekoplo\u0161n\u00fdch obrazovk\u00e1ch.<\/li>\n<\/ul>\n<p data-start=\"1491\" data-end=\"1830\">Po exkurzii v exteri\u00e9roch sme sa presunuli sp\u00e4\u0165 do CEV, kde na n\u00e1s \u010dakala predn\u00e1\u0161ka s n\u00e1zvom \u201e\u010cas kona\u0165\u201c. Zameriavala sa na aktu\u00e1lnos\u0165 environment\u00e1lnych probl\u00e9mov a na to, ako m\u00f4\u017eeme prispie\u0165 k ochrane na\u0161ej plan\u00e9ty. Na z\u00e1ver sme si overili svoje vedomosti o trieden\u00ed odpadu prostredn\u00edctvom kv\u00edzu a praktickej aktivity spr\u00e1vneho triedenia odpadu.<\/p>\n<p data-start=\"1491\" data-end=\"1830\"><img loading=\"lazy\" decoding=\"async\" class=\"alignnone wp-image-9071\" src=\"https:\/\/gkmke.sk\/zs\/wp-content\/uploads\/sites\/3\/2025\/02\/20250211-103847.jpg\" alt=\"\" width=\"400\" height=\"716\" srcset=\"https:\/\/gkmke.sk\/zs\/wp-content\/uploads\/sites\/3\/2025\/02\/20250211-103847.jpg 1144w, https:\/\/gkmke.sk\/zs\/wp-content\/uploads\/sites\/3\/2025\/02\/20250211-103847-600x1074.jpg 600w\" sizes=\"(max-width: 400px) 100vw, 400px\" \/> <img loading=\"lazy\" decoding=\"async\" class=\"alignnone wp-image-9072\" src=\"https:\/\/gkmke.sk\/zs\/wp-content\/uploads\/sites\/3\/2025\/02\/20250211-102400.jpg\" alt=\"\" width=\"400\" height=\"716\" \/><\/p>\n<p data-start=\"1832\" data-end=\"2105\">Exkurzia bola pr\u00ednosom nielen pre n\u00e1\u0161 projekt, preto\u017ee n\u00e1m poskytla mno\u017estvo nov\u00fdch inform\u00e1ci\u00ed o spr\u00e1ve odpadu, ekol\u00f3gii a ochrane \u017eivotn\u00e9ho prostredia ale aj pre na\u0161ich spolu\u017eiakov a sprev\u00e1dzaj\u00face pani u\u010dite\u013aky.\u00a0 Veru, aj tu platilo, \u017ee rad\u0161ej 1x vidie\u0165 ako 100x po\u010du\u0165. Ver\u00edme, \u017ee tieto vedomosti si odn\u00e1\u0161ame do svojho ka\u017edodenn\u00e9ho \u017eivota a \u017ee n\u00e1s bud\u00fa motivova\u0165 k v\u00e4\u010d\u0161ej zodpovednosti vo\u010di pr\u00edrode.<\/p>\n<p data-start=\"2107\" data-end=\"2202\" data-is-last-node=\"\">\u010eakujeme pani lektorke za sprev\u00e1dzanie po\u010das exkurzie a zauj\u00edmav\u00e9 inform\u00e1cie, ktor\u00e9 prekvapili ale i pote\u0161ili (napr\u00edklad aj to, \u017ee \u017eijeme v meste, ktor\u00e9 vie odpad premeni\u0165 na energiu). D\u00fafame, \u017ee toto neboli ani z\u010faleka posledn\u00e9 enviroaktivity na\u0161ej \u0161koly, ktor\u00e9 n\u00e1m pom\u00f4\u017eu sta\u0165 sa lep\u0161\u00edmi ochrancami modrej plan\u00e9ty.<\/p>\n<p data-start=\"2107\" data-end=\"2202\" data-is-last-node=\"\"><em>Foto a text: GreenVAK a ChatGpt<\/em><\/p>\n<p data-start=\"2107\" data-end=\"2202\" data-is-last-node=\"\"><em>Inform\u00e1cie o ZEVO sme \u010derpali z:<\/em>\u00a0<a href=\"https:\/\/www.kosit.sk\/sluzby\/prevadzka-zevo\/\" target=\"_blank\" rel=\"noopener\">kosit.sk<\/a><\/p>\n","protected":false},"excerpt":{"rendered":"<p>T\u00edm: GreenVAK V r\u00e1mci projektu Greenfluenceri a energie, ktor\u00fd organizuje EkofondSPP, sme sa v jedno chladn\u00e9 ale slne\u010dn\u00e9 dopoludnie z\u00fa\u010dastnili spolu s na\u0161imi spolu\u017eiakmi z 8.B zauj\u00edmavej exkurzie do Centra environment\u00e1lnej v\u00fdchovy. V\u010faka spolo\u010dnosti NATUR-PACK, ktor\u00e1 poskytuje spolo\u010dnosti KOSIT a.s. &hellip; <\/p>\n","protected":false},"author":1,"featured_media":9071,"comment_status":"closed","ping_status":"closed","sticky":false,"template":"","format":"standard","meta":{"_acf_changed":false,"footnotes":""},"categories":[49,40],"tags":[],"class_list":["post-9074","post","type-post","status-publish","format-standard","has-post-thumbnail","hentry","category-greenfluenceri","category-reportaze"],"acf":[],"_links":{"self":[{"href":"https:\/\/gkmke.sk\/zs\/wp-json\/wp\/v2\/posts\/9074","targetHints":{"allow":["GET"]}}],"collection":[{"href":"https:\/\/gkmke.sk\/zs\/wp-json\/wp\/v2\/posts"}],"about":[{"href":"https:\/\/gkmke.sk\/zs\/wp-json\/wp\/v2\/types\/post"}],"author":[{"embeddable":true,"href":"https:\/\/gkmke.sk\/zs\/wp-json\/wp\/v2\/users\/1"}],"replies":[{"embeddable":true,"href":"https:\/\/gkmke.sk\/zs\/wp-json\/wp\/v2\/comments?post=9074"}],"version-history":[{"count":1,"href":"https:\/\/gkmke.sk\/zs\/wp-json\/wp\/v2\/posts\/9074\/revisions"}],"predecessor-version":[{"id":18016,"href":"https:\/\/gkmke.sk\/zs\/wp-json\/wp\/v2\/posts\/9074\/revisions\/18016"}],"wp:featuredmedia":[{"embeddable":true,"href":"https:\/\/gkmke.sk\/zs\/wp-json\/wp\/v2\/media\/9071"}],"wp:attachment":[{"href":"https:\/\/gkmke.sk\/zs\/wp-json\/wp\/v2\/media?parent=9074"}],"wp:term":[{"taxonomy":"category","embeddable":true,"href":"https:\/\/gkmke.sk\/zs\/wp-json\/wp\/v2\/categories?post=9074"},{"taxonomy":"post_tag","embeddable":true,"href":"https:\/\/gkmke.sk\/zs\/wp-json\/wp\/v2\/tags?post=9074"}],"curies":[{"name":"wp","href":"https:\/\/api.w.org\/{rel}","templated":true}]}}