{"id":9222,"date":"2025-03-04T21:25:41","date_gmt":"2025-03-04T20:25:41","guid":{"rendered":"https:\/\/gkmke.sk\/zstemp\/?p=9222"},"modified":"2025-03-04T21:25:41","modified_gmt":"2025-03-04T20:25:41","slug":"zapis-do-1-rocnika-zakladnej-skoly","status":"publish","type":"post","link":"https:\/\/gkmke.sk\/zs\/zapis-do-1-rocnika-zakladnej-skoly\/","title":{"rendered":"Z\u00e1pis do 1. ro\u010dn\u00edka z\u00e1kladnej \u0161koly"},"content":{"rendered":"<p style=\"font-weight: 400\">V\u00e1\u017een\u00ed rodi\u010dia,<\/p>\n<p style=\"font-weight: 400\">\u010fakujeme V\u00e1m za z\u00e1ujem zap\u00edsa\u0165 Va\u0161e die\u0165a do na\u0161ej z\u00e1kladnej \u0161koly, ktor\u00e1 vzdel\u00e1va a\u00a0vychov\u00e1va \u017eiakov v\u00a0s\u00falade s\u00a0platnou legislat\u00edvou na \u00fazem\u00ed SR. Primerane formuje intelekt vyu\u017eit\u00edm poznatkov vedy a\u00a0d\u00f4raz kladie na celo\u017eivotn\u00e9 vzdel\u00e1vanie. Na\u0161a \u0161kola implementuje program Eur\u00f3pskej \u00fanie Erasmus+, kde u\u017e potenci\u00e1lne \u017eiaci z\u00e1kladnej \u0161koly maj\u00fa mo\u017enos\u0165 z\u00fa\u010dastni\u0165 sa medzin\u00e1rodn\u00fdch mobil\u00edt, z\u00edska\u0165 medzin\u00e1rodn\u00e9 sk\u00fasenosti a\u00a0posilni\u0165 koncept celo\u017eivotn\u00e9ho vzdel\u00e1vania. Z\u00e1rove\u0148 sme ako jedin\u00e1 \u0161kola v\u00a0Ko\u0161ickom kraji pridru\u017eenou \u0161kolou UNESCO podporuj\u00fac filozofiu programu zameran\u00e9ho na ochranu, diverzitu a\u00a0pr\u00edrodn\u00e9, kult\u00farne a\u00a0duchovn\u00e9 dedi\u010dstvo.<\/p>\n<p style=\"font-weight: 400\">Pripravili sme pre V\u00e1s stru\u010dn\u00fd n\u00e1vod, ako efekt\u00edvne zap\u00edsa\u0165 Va\u0161e die\u0165a do na\u0161ej z\u00e1kladnej \u0161koly. Samotn\u00fd z\u00e1pis sa sklad\u00e1 z\u00a0dvoch \u010dast\u00ed:<\/p>\n<ol>\n<li>Elektronick\u00fd predz\u00e1pis \u2013 znamen\u00e1 vyplnenie elektronickej prihl\u00e1\u0161ky v term\u00edne od 24.03. do 02.04.2025. Formul\u00e1r je dostupn\u00fd na nasleduj\u00facej elektronickej adrese: <a href=\"https:\/\/gkm.edupage.org\/register\/\" target=\"_blank\" rel=\"noopener\"><strong>https:\/\/gkm.edupage.org\/register\/<\/strong><\/a> &#8211; je potrebn\u00e9 klikn\u00fa\u0165 na zelen\u00e9 pole <strong><em>Vyplni\u0165 nov\u00fa prihl\u00e1\u0161ku \u2013 Prihl\u00e1\u0161ka do z\u00e1kladnej \u0161kol<\/em>y<\/strong> a\u00a0vyplni\u0165 \u010do najviac pol\u00ed.<\/li>\n<\/ol>\n<p><img fetchpriority=\"high\" decoding=\"async\" class=\"alignnone size-full wp-image-9223\" src=\"https:\/\/gkmke.sk\/zs\/wp-content\/uploads\/sites\/3\/2025\/03\/z1.png\" alt=\"\" width=\"774\" height=\"560\" \/><\/p>\n<p>2. \u00a0Po vyplnen\u00ed a odoslan\u00ed prihl\u00e1\u0161ky a n\u00e1slednom schv\u00e1len\u00ed z\u00e1kladnou \u0161kolou dostanete na Vami uveden\u00fa emailov\u00fa adresu k\u00f3d. Prostredn\u00edctvom k\u00f3du si rezervujete term\u00edn prezen\u010dn\u00e9ho z\u00e1pisu, ktor\u00fd sa uskuto\u010dn\u00ed v term\u00ednoch od 09.04. do 11.04.2025. K dispoz\u00edcii m\u00e1te 54 r\u00f4znych term\u00ednov. V tom \u010dase sa V\u00e1m bude venova\u0165 z\u00e1pisn\u00fd t\u00edm, ktor\u00fd V\u00e1m adresne pomenuje v\u0161etko podstatn\u00e9.<\/p>\n<p><img decoding=\"async\" class=\"alignnone size-full wp-image-9224\" src=\"https:\/\/gkmke.sk\/zs\/wp-content\/uploads\/sites\/3\/2025\/03\/z2.png\" alt=\"\" width=\"908\" height=\"666\" \/><\/p>\n<p><img decoding=\"async\" class=\"alignnone size-full wp-image-9225\" src=\"https:\/\/gkmke.sk\/zs\/wp-content\/uploads\/sites\/3\/2025\/03\/z3.png\" alt=\"\" width=\"908\" height=\"418\" \/><\/p>\n<p>3. Z\u00fa\u010dastnite sa prezen\u010dn\u00e9ho z\u00e1pisu vo Vami zvolenom term\u00edne spolu s Va\u0161im die\u0165a\u0165om. Nezabudnite si prinies\u0165 ob\u010diansky preukaz a rodn\u00fd list die\u0165a\u0165a.<\/p>\n<p>4. Do nieko\u013ek\u00fdch dn\u00ed V\u00e1m bude \u00faradnou formou doru\u010den\u00e9 rozhodnutie.<\/p>\n<p>5. V pr\u00edpade nejasnost\u00ed n\u00e1s nev\u00e1hajte kontaktova\u0165 elektronicky na adrese: <a href=\"mailto:renatahalcisakova@gkmke.sk\">renatahalcisakova@gkmke.sk<\/a>\u00a0 alebo telefonicky na 0911 693 742.<\/p>\n<p>\u010eakujeme za d\u00f4veru.<\/p>\n","protected":false},"excerpt":{"rendered":"<p>V\u00e1\u017een\u00ed rodi\u010dia, \u010fakujeme V\u00e1m za z\u00e1ujem zap\u00edsa\u0165 Va\u0161e die\u0165a do na\u0161ej z\u00e1kladnej \u0161koly, ktor\u00e1 vzdel\u00e1va a\u00a0vychov\u00e1va \u017eiakov v\u00a0s\u00falade s\u00a0platnou legislat\u00edvou na \u00fazem\u00ed SR. Primerane formuje intelekt vyu\u017eit\u00edm poznatkov vedy a\u00a0d\u00f4raz kladie na celo\u017eivotn\u00e9 vzdel\u00e1vanie. Na\u0161a \u0161kola implementuje program Eur\u00f3pskej \u00fanie &hellip; <\/p>\n","protected":false},"author":4,"featured_media":9227,"comment_status":"closed","ping_status":"closed","sticky":false,"template":"","format":"standard","meta":{"_acf_changed":false,"footnotes":""},"categories":[39],"tags":[],"class_list":["post-9222","post","type-post","status-publish","format-standard","has-post-thumbnail","hentry","category-oznamy"],"acf":[],"_links":{"self":[{"href":"https:\/\/gkmke.sk\/zs\/wp-json\/wp\/v2\/posts\/9222","targetHints":{"allow":["GET"]}}],"collection":[{"href":"https:\/\/gkmke.sk\/zs\/wp-json\/wp\/v2\/posts"}],"about":[{"href":"https:\/\/gkmke.sk\/zs\/wp-json\/wp\/v2\/types\/post"}],"author":[{"embeddable":true,"href":"https:\/\/gkmke.sk\/zs\/wp-json\/wp\/v2\/users\/4"}],"replies":[{"embeddable":true,"href":"https:\/\/gkmke.sk\/zs\/wp-json\/wp\/v2\/comments?post=9222"}],"version-history":[{"count":0,"href":"https:\/\/gkmke.sk\/zs\/wp-json\/wp\/v2\/posts\/9222\/revisions"}],"wp:featuredmedia":[{"embeddable":true,"href":"https:\/\/gkmke.sk\/zs\/wp-json\/wp\/v2\/media\/9227"}],"wp:attachment":[{"href":"https:\/\/gkmke.sk\/zs\/wp-json\/wp\/v2\/media?parent=9222"}],"wp:term":[{"taxonomy":"category","embeddable":true,"href":"https:\/\/gkmke.sk\/zs\/wp-json\/wp\/v2\/categories?post=9222"},{"taxonomy":"post_tag","embeddable":true,"href":"https:\/\/gkmke.sk\/zs\/wp-json\/wp\/v2\/tags?post=9222"}],"curies":[{"name":"wp","href":"https:\/\/api.w.org\/{rel}","templated":true}]}}