{"id":9271,"date":"2025-03-11T13:05:58","date_gmt":"2025-03-11T12:05:58","guid":{"rendered":"https:\/\/gkmke.sk\/zstemp\/?p=9271"},"modified":"2025-03-11T13:05:58","modified_gmt":"2025-03-11T12:05:58","slug":"informacie-k-zapisu-do-1-rocnika-zakladnej-skoly","status":"publish","type":"post","link":"https:\/\/gkmke.sk\/zs\/informacie-k-zapisu-do-1-rocnika-zakladnej-skoly\/","title":{"rendered":"Inform\u00e1cie k z\u00e1pisu do 1. ro\u010dn\u00edka z\u00e1kladnej \u0161koly"},"content":{"rendered":"<p style=\"font-weight: 400\">V\u00e1\u017een\u00ed rodi\u010dia,<\/p>\n<p>venujte pros\u00edm pozornos\u0165 nasleduj\u00facemu textu spojen\u00e9mu so z\u00e1pisom do 1. ro\u010dn\u00edka z\u00e1kladnej \u0161koly v \u0161kolskom roku 2025\/2026.<\/p>\n<p style=\"font-weight: 400\"><strong>OZNAM O\u00a0PRIEBEHU Z\u00c1PISU DO PRV\u00c9HO RO\u010cN\u00cdKA Z\u00c1KLADNEJ \u0160KOLY PRE \u0160KOLSK\u00dd ROK 2025\/2026<\/strong><\/p>\n<p style=\"font-weight: 400\">Pripom\u00edname, \u017ee zap\u00edsa\u0165 je mo\u017en\u00e9 die\u0165a naroden\u00e9 od 01.09.2018 do 31.08.2019 a deti, ktor\u00e9 mali v \u0161kolskom roku 2024\/2025 pred\u013a\u017eenie predprim\u00e1rneho vzdel\u00e1vania.<\/p>\n<p style=\"font-weight: 400\">Z\u00e1pis do 1. ro\u010dn\u00edka z\u00e1kladnej \u0161koly pre \u0161kolsk\u00fd rok 2025\/2026\u00a0 sa kon\u00e1 nasledovne:<\/p>\n<ul>\n<li><strong>elektronicky<\/strong> &#8211; vyplnen\u00edm online formul\u00e1ra ktor\u00fd je zverejnen\u00fd na elektronickom odkaze: <a href=\"https:\/\/gkm.edupage.org\/register\/\" target=\"_blank\" rel=\"noopener\">https:\/\/gkm.edupage.org\/register\/<\/a> cez odkaz v zelenom r\u00e1m\u010deku Vyplni\u0165 nov\u00fa prihl\u00e1\u0161ku \u2013 Prihl\u00e1\u0161ka do z\u00e1kladnej \u0161koly v term\u00edne od 24.03.2025 do 02.04.2025.<\/li>\n<li>N\u00e1sledne V\u00e1m \u0161kola potvrd\u00ed formul\u00e1r, a\u00a0prostredn\u00edctvom doru\u010den\u00e9ho k\u00f3du prihl\u00e1\u0161ky si rezervujete term\u00edn prezen\u010dn\u00e9ho z\u00e1pisu.<\/li>\n<li>Prezen\u010dn\u00fd z\u00e1pis sa kon\u00e1 vo Vami zvolenom \u010dase v term\u00ednoch:\n<ul>\n<li>09.04.2025 od 14.30 h do 17.30 h.<\/li>\n<li>10.04.2025 od 14.30 h do 17.30 h.<\/li>\n<li>11.04.2025 od 13.30 h do 15.30 h.<\/li>\n<\/ul>\n<\/li>\n<\/ul>\n<p style=\"font-weight: 400\">V pr\u00edpade, \u017ee nem\u00e1te mo\u017enos\u0165 alebo ste nestihli vyplni\u0165 elektronick\u00fd formul\u00e1r, kontaktujte n\u00e1s \u00a0na telef\u00f3nnom \u010d\u00edsle: 0911 693 742 alebo emailom na: renatahalcisakova@gkmke.sk. Dohodneme sa na doru\u010den\u00ed pr\u00edslu\u0161n\u00e9ho tla\u010diva prihl\u00e1\u0161ky, ktor\u00e9 vyplnen\u00e9 doru\u010d\u00edte \u0161kole osobne alebo po\u0161tovou prepravou (papierov\u00fa prihl\u00e1\u0161ku je mo\u017en\u00e9 stiahnu\u0165 aj z odkazu: <a href=\"https:\/\/edicnyportal.iedu.sk\/Forms\/Show\/5935\" target=\"_blank\" rel=\"noopener\">https:\/\/edicnyportal.iedu.sk\/Forms\/Show\/5935<\/a>)<\/p>\n<p style=\"font-weight: 400\">K prezen\u010dn\u00e9mu z\u00e1pisu je potrebn\u00e9 ma\u0165 so sebou:<\/p>\n<ul>\n<li>ob\u010dianske preukazy oboch rodi\u010dov<\/li>\n<li>rodn\u00fd list die\u0165a\u0165a<\/li>\n<\/ul>\n<p style=\"font-weight: 400\">V pr\u00edpade, ak \u017eiadate o pokra\u010dovanie predprim\u00e1rneho vzdel\u00e1vania (odklad povinnej \u0161kolskej doch\u00e1dzky), nahl\u00e1ste n\u00e1m to pri z\u00e1pise, pr\u00edpadne k\u00a0z\u00e1pisu doru\u010dte aj:<\/p>\n<ol>\n<li>p\u00edsomn\u00fd s\u00fahlas v\u0161eobecn\u00e9ho lek\u00e1ra pre deti a dorast,<\/li>\n<li>p\u00edsomn\u00fd s\u00fahlas pr\u00edslu\u0161n\u00e9ho zariadenia poradenstva a prevencie,<\/li>\n<li>informovan\u00fd s\u00fahlas z\u00e1konn\u00e9ho z\u00e1stupcu alebo z\u00e1stupcu zariadenia<\/li>\n<li>fotok\u00f3piu rozhodnutia riadite\u013ea materskej \u0161koly o pokra\u010dovan\u00ed predprim\u00e1rneho vzdel\u00e1vania<\/li>\n<\/ol>\n<p style=\"font-weight: 400\">V\u00a0takom pr\u00edpade je potrebn\u00e9 doru\u010di\u0165 predmetn\u00e9 dokumenty najnesk\u00f4r do 02. j\u00fana 2025<\/p>\n<hr \/>\n<p style=\"font-weight: 400\"><strong>KRIT\u00c9RI\u00c1 PRIJATIA \u017dIAKA DO PRV\u00c9HO RO\u010cN\u00cdKA Z\u00c1KLADNEJ \u0160KOLY PRE \u0160KOLSK\u00dd ROK 2025\/2026<\/strong><\/p>\n<p style=\"font-weight: 400\">Riadite\u013e Z\u00e1kladnej \u0161koly sv. Ko\u0161ick\u00fdch mu\u010den\u00edkov, \u010cord\u00e1kova 50, Ko\u0161ice ur\u010duje nasleduj\u00face krit\u00e9ri\u00e1 pre prijatie \u00a0\u017eiakov do 1. ro\u010dn\u00edka Z\u00e1kladnej \u0161koly sv. Ko\u0161ick\u00fdch mu\u010den\u00edkov, \u010cord\u00e1kova 50, Ko\u0161ice v\u00a0\u0161kolskom roku 2025\/2026.<\/p>\n<p style=\"font-weight: 400\">\u017diak pln\u00ed povinn\u00fa \u0161kolsk\u00fa doch\u00e1dzku v z\u00e1kladnej \u0161kole v \u0161kolskom obvode, v ktorom m\u00e1 trval\u00fd pobyt (\u010falej len \u201esp\u00e1dov\u00e1 \u0161kola\u201c), ak pre neho z\u00e1konn\u00fd z\u00e1stupca nevyberie in\u00fa z\u00e1kladn\u00fa \u0161kolu.<\/p>\n<p style=\"font-weight: 400\">\u017diak s trval\u00fdm pobytom na \u00fazem\u00ed Slovenskej republiky m\u00f4\u017ee plni\u0165 povinn\u00fa \u0161kolsk\u00fa doch\u00e1dzku v inej ako sp\u00e1dovej \u0161kole, ak ho riadite\u013e tejto \u0161koly prijme na z\u00e1kladn\u00e9 vzdel\u00e1vanie. Sp\u00e1dov\u00fdmi z\u00e1kladn\u00fdmi \u0161kolami s\u00fa len z\u00e1kladn\u00e9 \u0161koly zriaden\u00e9 obcou. \u201eSp\u00e1dovos\u0165\u201c sa net\u00fdka cirkevn\u00fdch z\u00e1kladn\u00fdch \u0161k\u00f4l.<\/p>\n<p style=\"font-weight: 400\">.<strong>V\u0160EOBECN\u00c9 KRIT\u00c9RI\u00c1 PRIJATIA<\/strong><\/p>\n<ol>\n<li>Do prv\u00e9ho ro\u010dn\u00edka z\u00e1kladnej \u0161koly sa v s\u00falade s \u00a7 19 ods. 3 z\u00e1kona \u010d. 245\/2009 Z. z. o v\u00fdchove a vzdel\u00e1van\u00ed (\u010falej len \u201e\u0161kolsk\u00fd z\u00e1kon\u201c) a\u00a0o\u00a0zmene a\u00a0doplnen\u00ed niektor\u00fdch z\u00e1konov v\u00a0znen\u00ed neskor\u0161\u00edch predpisov prij\u00edma die\u0165a, ktor\u00e9 sp\u013a\u0148a podmienky na za\u010diatok povinnej \u0161kolskej doch\u00e1dzky.<\/li>\n<li>V\u00a0s\u00falade s \u00a7 19 ods. 4 \u0161kolsk\u00e9ho z\u00e1kona ak z\u00e1konn\u00fd z\u00e1stupca die\u0165a\u0165a po\u017eiada o to, aby bolo na plnenie povinnej \u0161kolskej doch\u00e1dzky v\u00fdnimo\u010dne prijat\u00e9 die\u0165a, ktor\u00e9 nedov\u0155\u0161ilo \u0161iesty rok veku, je povinn\u00fd k prihl\u00e1\u0161ke predlo\u017ei\u0165 s\u00fahlasn\u00e9 vyjadrenie pr\u00edslu\u0161n\u00e9ho zariadenia poradenstva a prevencie, s\u00fahlasn\u00e9 vyjadrenie v\u0161eobecn\u00e9ho lek\u00e1ra pre deti a\u00a0dorast.<\/li>\n<li>Povinn\u00e1 \u0161kolsk\u00e1 doch\u00e1dzka za\u010d\u00edna za\u010diatkom \u0161kolsk\u00e9ho roka, ktor\u00fd nasleduje po dni, ke\u010f die\u0165a dov\u0155\u0161i \u0161iesty rok veku a dosiahne \u0161kolsk\u00fa sp\u00f4sobilos\u0165. V \u0161kolskom roku 2025\/2026 s\u00fa to deti naroden\u00e9 od 01.09.2018 do 31.08.2019.<\/li>\n<li>Ak die\u0165a, ktor\u00e9 dosiahne \u0161es\u0165 rokov veku do 31. 08. 2025, nedosiahne \u0161kolsk\u00fa sp\u00f4sobilos\u0165, riadite\u013e z\u00e1kladnej \u0161koly odporu\u010d\u00ed z\u00e1konn\u00e9mu z\u00e1stupcovi alebo z\u00e1stupcovi zariadenia, aby die\u0165a pokra\u010dovalo v plnen\u00ed povinn\u00e9ho predprim\u00e1rneho vzdel\u00e1vania v materskej \u0161kole. K tomu je potrebn\u00e9 p\u00edsomn\u00e9 vyjadrenie pr\u00edslu\u0161n\u00e9ho zariadenia v\u00fdchovn\u00e9ho poradenstva a prevencie, p\u00edsomn\u00fd s\u00fahlas v\u0161eobecn\u00e9ho lek\u00e1ra pre deti a dorast (<a href=\"https:\/\/gkmke.sk\/zs\/wp-content\/uploads\/sites\/3\/2025\/03\/Priloha-c.3-Pokracovanie-plnenia-PPV.docx\">Pr\u00edloha \u010d.3 Pokracovanie plnenia PPV<\/a>) a informovan\u00fd s\u00fahlas z\u00e1konn\u00e9ho z\u00e1stupcu alebo z\u00e1stupcu zariadenia. Ak riadite\u013e pr\u00edslu\u0161nej materskej \u0161koly rozhodne o pokra\u010dovan\u00ed vzdel\u00e1vania v materskej \u0161kole, z\u00e1konn\u00fd z\u00e1stupca p\u00edsomne ozn\u00e1mi t\u00fato skuto\u010dnos\u0165 z\u00e1kladnej \u0161kole, do ktorej zap\u00edsal svoje die\u0165a. Ak z\u00e1konn\u00fd z\u00e1stupca z\u00e1kladnej \u0161kole ozn\u00e1mi, \u017ee jeho die\u0165a neza\u010dne plni\u0165 povinn\u00fa \u0161kolsk\u00fa doch\u00e1dzku, z\u00a0d\u00f4vodu pokra\u010dovania v plnen\u00ed povinn\u00e9ho predprim\u00e1rneho vzdel\u00e1vania, riadite\u013e pr\u00edslu\u0161nej z\u00e1kladnej \u0161koly pod\u013ea \u00a7 5 ods. 3 p\u00edsm. a) z\u00e1kona \u010d. 596\/2003 Z. z. o \u0161t\u00e1tnej spr\u00e1ve v \u0161kolstve a \u0161kolskej samospr\u00e1ve a o zmene a doplnen\u00ed niektor\u00fdch z\u00e1konov v znen\u00ed neskor\u0161\u00edch predpisov rozhodne o neprijat\u00ed \u017eiaka do \u0161koly s od\u00f4vodnen\u00edm, \u017ee die\u0165a na z\u00e1klade inform\u00e1cie z\u00e1konn\u00e9ho z\u00e1stupcu pokra\u010duje v plnen\u00ed povinn\u00e9ho predprim\u00e1rneho vzdel\u00e1vania v materskej \u0161kole.<\/li>\n<li>Z\u00e1konn\u00fd z\u00e1stupca die\u0165a\u0165a so \u0161peci\u00e1lnymi v\u00fdchovno \u2013 vzdel\u00e1vac\u00edmi potrebami spolu s prihl\u00e1\u0161kou predklad\u00e1 aj p\u00edsomn\u00e9 vyjadrenie zariadenia v\u00fdchovn\u00e9ho poradenstva a prevencie, vydan\u00e9 na z\u00e1klade diagnostick\u00e9ho vy\u0161etrenia die\u0165a\u0165a.<\/li>\n<li>V\u00a0s\u00falade s \u00a7 144a ods. 1 \u0161kolsk\u00e9ho z\u00e1kona na podaniach t\u00fdkaj\u00facich sa v\u00fdchovy a vzdel\u00e1vania, v ktor\u00fdch sa rozhoduje v spr\u00e1vnom konan\u00ed, teda aj na prihl\u00e1\u0161ke, sa vy\u017eaduje podpis oboch z\u00e1konn\u00fdch z\u00e1stupcov die\u0165a\u0165a.\n<ol>\n<li>Podpis oboch z\u00e1konn\u00fdch z\u00e1stupcov die\u0165a\u0165a sa v\u0161ak nevy\u017eaduje, ak:\n<ol>\n<li>jedn\u00e9mu z rodi\u010dov bol obmedzen\u00fd alebo pozastaven\u00fd v\u00fdkon rodi\u010dovsk\u00fdch pr\u00e1v a povinnost\u00ed vo veciach v\u00fdchovy a vzdel\u00e1vania die\u0165a\u0165a, ak jeden z rodi\u010dov bol pozbaven\u00fd v\u00fdkonu rodi\u010dovsk\u00fdch pr\u00e1v a povinnost\u00ed vo veciach v\u00fdchovy a vzdel\u00e1vania die\u0165a\u0165a, alebo ak sp\u00f4sobilos\u0165 jedn\u00e9ho z rodi\u010dov na pr\u00e1vne \u00fakony bola obmedzen\u00e1 (sp\u00f4sob preuk\u00e1zania uvedenej skuto\u010dnosti ani doklad, ktor\u00fdm sa t\u00e1to skuto\u010dnos\u0165 preukazuje, \u0161kolsk\u00fd z\u00e1kon neustanovuje, t\u00fato skuto\u010dnos\u0165 je mo\u017en\u00e9 preuk\u00e1za\u0165 napr\u00edklad neoverenou k\u00f3piou rozhodnutia s\u00fadu),<\/li>\n<li>jeden z rodi\u010dov nie je schopn\u00fd zo zdravotn\u00fdch d\u00f4vodov podp\u00edsa\u0165 sa (sp\u00f4sob preuk\u00e1zania uvedenej skuto\u010dnosti ani doklad, ktor\u00fdm sa t\u00e1to skuto\u010dnos\u0165 preukazuje, \u0161kolsk\u00fd z\u00e1kon neustanovuje, t\u00fato skuto\u010dnos\u0165 je mo\u017en\u00e9 preuk\u00e1za\u0165 napr\u00edklad potvrden\u00edm od v\u0161eobecn\u00e9ho lek\u00e1ra z\u00e1konn\u00e9ho z\u00e1stupcu, ktor\u00fd nie je schopn\u00fd sa podp\u00edsa\u0165), alebo<\/li>\n<li>vec neznesie odklad, zadov\u00e1\u017eenie s\u00fahlasu druh\u00e9ho rodi\u010da je spojen\u00e9 s \u0165a\u017eko prekonate\u013enou prek\u00e1\u017ekou a je to v najlep\u0161om z\u00e1ujme die\u0165a\u0165a (sp\u00f4sob preuk\u00e1zania uvedenej skuto\u010dnosti ani doklad, ktor\u00fdm sa t\u00e1to skuto\u010dnos\u0165 preukazuje, \u0161kolsk\u00fd z\u00e1kon neustanovuje, t\u00fato skuto\u010dnos\u0165 je mo\u017en\u00e9 preuk\u00e1za\u0165 napr\u00edklad \u010destn\u00fdm vyhl\u00e1sen\u00edm z\u00e1konn\u00e9ho z\u00e1stupcu (<a href=\"https:\/\/gkmke.sk\/zs\/wp-content\/uploads\/sites\/3\/2025\/03\/Priloha-c.1-Cestne-vyhlasenie-zakonneho-zastupcu.docx\">Pr\u00edloha \u010d.1 Cestne vyhlasenie zakonneho zastupcu<\/a>).<\/li>\n<\/ol>\n<\/li>\n<\/ol>\n<\/li>\n<\/ol>\n<ol>\n<li style=\"list-style-type: none\">\n<ol start=\"2\">\n<li>V pr\u00edpade, ak:\n<ul>\n<li>jeden zo z\u00e1konn\u00fdch z\u00e1stupcov die\u0165a\u0165a zomrel, v podan\u00ed t\u00fato skuto\u010dnos\u0165 mo\u017eno preuk\u00e1za\u0165 fotok\u00f3piou \u00famrtn\u00e9ho listu, resp. formou nahliadnutia do \u00famrtn\u00e9ho listu,<\/li>\n<li>die\u0165a vychov\u00e1va iba matka (otec nie je na rodnom liste die\u0165a\u0165a uveden\u00fd), v podan\u00ed t\u00fato skuto\u010dnos\u0165 matka preukazuje fotok\u00f3piou rodn\u00e9ho listu die\u0165a\u0165a, resp. formou nahliadnutia do rodn\u00e9ho listu die\u0165a\u0165a<\/li>\n<li>Na prihl\u00e1\u0161ke posta\u010duje podpis len jedn\u00e9ho z\u00e1konn\u00e9ho z\u00e1stupcu, ak sa z\u00e1konn\u00ed z\u00e1stupcovia dohodli, \u017ee prihl\u00e1\u0161ku podpisuje iba jeden z\u00e1konn\u00fd z\u00e1stupca, a ak o tejto skuto\u010dnosti doru\u010dia riadite\u013eovi \u0161koly p\u00edsomn\u00e9 vyhl\u00e1senie (<a href=\"https:\/\/gkmke.sk\/zs\/wp-content\/uploads\/sites\/3\/2025\/03\/Priloha-c.2-Pisomne-vyhlasenie.docx\">Pr\u00edloha \u010d.2 Pisomne vyhlasenie<\/a>).<\/li>\n<\/ul>\n<\/li>\n<\/ol>\n<\/li>\n<\/ol>\n<p style=\"font-weight: 400\"><strong>Postup prij\u00edmacieho konania<\/strong><\/p>\n<ol>\n<li>Z\u00e1konn\u00fd z\u00e1stupca pod\u00e1 z\u00e1kladnej \u0161kole v listinnej podobe alebo elektronicky vyplnen\u00fa prihl\u00e1\u0161ku, ku ktorej v pr\u00edpade potreby prilo\u017e\u00ed po\u017eadovan\u00e9 pr\u00edlohy.\n<ol>\n<li>v listinnej podobe na formul\u00e1ri pod\u013ea vzoru schv\u00e1len\u00e9ho a zverejnen\u00e9ho ministerstvom \u0161kolstva (tla\u010divo 014 M\u0160VVa\u0160 SR \u2013 v slovenskom jazyku, s podpisom oboch z\u00e1konn\u00fdch z\u00e1stupcov, alebo<\/li>\n<li>elektronicky formul\u00e1rom zo \u0161kolsk\u00e9ho informa\u010dn\u00e9ho syst\u00e9mu (v takomto pr\u00edpade z\u00e1konn\u00fd z\u00e1stupca\/ z\u00e1konn\u00ed z\u00e1stupcovia podp\u00ed\u0161u prihl\u00e1\u0161ku osobne v de\u0148 konania z\u00e1pisu alebo k elektronickej prihl\u00e1\u0161ke prilo\u017eia tla\u010divo s podpismi oboch z\u00e1konn\u00fdch z\u00e1stupcov. Elektronick\u00e1 verzia prihl\u00e1\u0161ky je dostupn\u00e1 na adrese: <a href=\"https:\/\/gkm.edupage.org\/register\/\" target=\"_blank\" rel=\"noopener\">https:\/\/gkm.edupage.org\/register\/<\/a><\/li>\n<\/ol>\n<\/li>\n<li>\u0160kola doru\u010den\u00fa a podp\u00edsan\u00fa prihl\u00e1\u0161ku registrat\u00farne zaeviduje.<\/li>\n<li>V de\u0148 konania z\u00e1pisu je \u017eiad\u00faca osobn\u00e1 \u00fa\u010das\u0165 z\u00e1konn\u00e9ho z\u00e1stupcu a die\u0165a\u0165a.<\/li>\n<li>Riadite\u013e \u0161koly rozhodne o prijat\u00ed die\u0165a\u0165a na vzdel\u00e1vanie v z\u00e1kladnej \u0161kole do 15. j\u00fana pr\u00edslu\u0161n\u00e9ho kalend\u00e1rneho roka a doru\u010d\u00ed vydan\u00e9 rozhodnutie z\u00e1konn\u00fdm z\u00e1stupcom.<\/li>\n<li>Ak z\u00e1konn\u00fd z\u00e1stupca nes\u00fahlas\u00ed s rozhodnut\u00edm riadite\u013ea \u0161koly, m\u00e1 pr\u00e1vo poda\u0165 odvolanie adresovan\u00e9 \u0161kole v lehote 15 dn\u00ed odo d\u0148a doru\u010denia rozhodnutia.<\/li>\n<\/ol>\n<p style=\"font-weight: 400\"><strong>Rozhodnutie riadite\u013ea z\u00e1kladnej \u0161koly<\/strong><\/p>\n<p style=\"font-weight: 400\">Riadite\u013e z\u00e1kladnej \u0161koly vyd\u00e1 rozhodnutie o prijat\u00ed die\u0165a\u0165a na vzdel\u00e1vanie do z\u00e1kladnej \u0161koly do 15. j\u00fana pr\u00edslu\u0161n\u00e9ho kalend\u00e1rneho roka a spolu s rozhodnut\u00edm o prijat\u00ed archivuje aj prihl\u00e1\u0161ku a jej pr\u00edlohy.<\/p>\n<p style=\"font-weight: 400\">Pod\u013ea \u00a7 144a \u0161kolsk\u00e9ho z\u00e1kona sa rozhodnutie o prijat\u00ed alebo neprijat\u00ed die\u0165a\u0165a (\u010falej len \u201erozhodnutie\u201c) na z\u00e1kladn\u00e9 vzdel\u00e1vanie do z\u00e1kladnej \u0161koly, doru\u010duje obom z\u00e1konn\u00fdm z\u00e1stupcom die\u0165a\u0165a. Ak ani jedn\u00e9mu zo z\u00e1konn\u00fdch z\u00e1stupcov nebol obmedzen\u00fd alebo pozastaven\u00fd v\u00fdkon rodi\u010dovsk\u00fdch pr\u00e1v a povinnost\u00ed vo veciach v\u00fdchovy a vzdel\u00e1vania die\u0165a\u0165a, riadite\u013e \u0161koly doru\u010duje rozhodnutie obom z\u00e1konn\u00fdm z\u00e1stupcom die\u0165a\u0165a osobitne, bez oh\u013eadu na to, \u010di z\u00e1konn\u00ed z\u00e1stupcovia maj\u00fa rovnak\u00fa alebo r\u00f4znu doru\u010dovaciu adresu, nako\u013eko obaja z\u00e1konn\u00ed z\u00e1stupcovia die\u0165a\u0165a s\u00fa riadnymi \u00fa\u010dastn\u00edkmi konania.<\/p>\n<p style=\"font-weight: 400\">Riadite\u013e \u0161koly doru\u010d\u00ed rozhodnutie iba jedn\u00e9mu z\u00e1konn\u00e9mu z\u00e1stupcovi len v pr\u00edpade, ak:<\/p>\n<ul>\n<li>doru\u010dovacia adresa druh\u00e9ho z\u00e1konn\u00e9ho z\u00e1stupcu nie je \u0161kole zn\u00e1ma alebo<\/li>\n<li>sa tak z\u00e1konn\u00ed z\u00e1stupcovia dohodli a t\u00fato dohodu deklarovali p\u00edsomn\u00fdm vyhl\u00e1sen\u00edm pod\u013ea \u00a7 144a ods. 4 \u0161kolsk\u00e9ho z\u00e1kona, ktor\u00fa doru\u010dili riadite\u013eovi \u0161koly (<a href=\"https:\/\/gkmke.sk\/zs\/wp-content\/uploads\/sites\/3\/2025\/03\/Priloha-c.2-Pisomne-vyhlasenie.docx\">Pr\u00edloha \u010d.2 Pisomne vyhlasenie<\/a>).<\/li>\n<\/ul>\n<p style=\"font-weight: 400\"><strong>Administr\u00e1cia cel\u00e9ho procesu sa zjednodu\u0161uje elektronick\u00fdm vyplnen\u00edm prihl\u00e1\u0161ky.<\/strong><\/p>\n<p style=\"font-weight: 400\"><strong>\u0160PECIFICK\u00c9 KRIT\u00c9RI\u00c1 PRIJATIA<\/strong><\/p>\n<p style=\"font-weight: 400\">Na plnenie povinnej \u0161kolskej doch\u00e1dzky s\u00fa prednostne prij\u00edman\u00e9 deti:<\/p>\n<ul>\n<li>ktor\u00fdm bolo v predch\u00e1dzaj\u00facom \u0161kolskom roku vydan\u00e9 rozhodnutie o odklade povinnej \u0161kolskej doch\u00e1dzky<\/li>\n<li>ktor\u00fdch star\u0161\u00ed s\u00farodenci nav\u0161tevuj\u00fa tunaj\u0161iu z\u00e1kladn\u00fa \u0161kolu.<\/li>\n<\/ul>\n<p style=\"font-weight: 400\">Ko\u0161ice 07.03.2025<\/p>\n<p>Ozn\u00e1menie o priebehu z\u00e1pisu:<\/p>\n<p><a href=\"https:\/\/gkmke.sk\/zs\/wp-content\/uploads\/sites\/3\/2025\/03\/oznam-o-priebehu-zapisu-do-1-rocnika-ZS.pdf\">oznam o priebehu z\u00e1pisu do 1 rocnika ZS<\/a><\/p>\n","protected":false},"excerpt":{"rendered":"<p>V\u00e1\u017een\u00ed rodi\u010dia, venujte pros\u00edm pozornos\u0165 nasleduj\u00facemu textu spojen\u00e9mu so z\u00e1pisom do 1. ro\u010dn\u00edka z\u00e1kladnej \u0161koly v \u0161kolskom roku 2025\/2026. OZNAM O\u00a0PRIEBEHU Z\u00c1PISU DO PRV\u00c9HO RO\u010cN\u00cdKA Z\u00c1KLADNEJ \u0160KOLY PRE \u0160KOLSK\u00dd ROK 2025\/2026 Pripom\u00edname, \u017ee zap\u00edsa\u0165 je mo\u017en\u00e9 die\u0165a naroden\u00e9 od 01.09.2018 &hellip; <\/p>\n","protected":false},"author":4,"featured_media":9278,"comment_status":"closed","ping_status":"closed","sticky":false,"template":"","format":"standard","meta":{"_acf_changed":false,"footnotes":""},"categories":[39],"tags":[],"class_list":["post-9271","post","type-post","status-publish","format-standard","has-post-thumbnail","hentry","category-oznamy"],"acf":[],"_links":{"self":[{"href":"https:\/\/gkmke.sk\/zs\/wp-json\/wp\/v2\/posts\/9271","targetHints":{"allow":["GET"]}}],"collection":[{"href":"https:\/\/gkmke.sk\/zs\/wp-json\/wp\/v2\/posts"}],"about":[{"href":"https:\/\/gkmke.sk\/zs\/wp-json\/wp\/v2\/types\/post"}],"author":[{"embeddable":true,"href":"https:\/\/gkmke.sk\/zs\/wp-json\/wp\/v2\/users\/4"}],"replies":[{"embeddable":true,"href":"https:\/\/gkmke.sk\/zs\/wp-json\/wp\/v2\/comments?post=9271"}],"version-history":[{"count":0,"href":"https:\/\/gkmke.sk\/zs\/wp-json\/wp\/v2\/posts\/9271\/revisions"}],"wp:featuredmedia":[{"embeddable":true,"href":"https:\/\/gkmke.sk\/zs\/wp-json\/wp\/v2\/media\/9278"}],"wp:attachment":[{"href":"https:\/\/gkmke.sk\/zs\/wp-json\/wp\/v2\/media?parent=9271"}],"wp:term":[{"taxonomy":"category","embeddable":true,"href":"https:\/\/gkmke.sk\/zs\/wp-json\/wp\/v2\/categories?post=9271"},{"taxonomy":"post_tag","embeddable":true,"href":"https:\/\/gkmke.sk\/zs\/wp-json\/wp\/v2\/tags?post=9271"}],"curies":[{"name":"wp","href":"https:\/\/api.w.org\/{rel}","templated":true}]}}