{"id":9323,"date":"2025-03-14T11:57:11","date_gmt":"2025-03-14T10:57:11","guid":{"rendered":"https:\/\/gkmke.sk\/zstemp\/?p=9323"},"modified":"2025-03-14T11:57:11","modified_gmt":"2025-03-14T10:57:11","slug":"misie-vo-farnosti-bozieho-milosrdenstva","status":"publish","type":"post","link":"https:\/\/gkmke.sk\/zs\/misie-vo-farnosti-bozieho-milosrdenstva\/","title":{"rendered":"Misie vo Farnosti Bo\u017eieho milosrdenstva"},"content":{"rendered":"<p>Mil\u00ed rodi\u010dia.<\/p>\n<p>Od zajtra za\u010d\u00ednaj\u00fa misie vo Farnosti Bo\u017eieho milosrdenstva na S\u00eddlisku KPV. Na\u0161i \u017eiaci a u\u010ditelia sa preto v pondelok a utorok akt\u00edvne z\u00fa\u010dastnia \u010dasti programu, ktor\u00ed bud\u00fa vies\u0165 mision\u00e1ri.<\/p>\n<p><strong>17.3.2025 (pondelok)<\/strong>: \u017eiaci sa z\u00fa\u010dastnia duchovn\u00e9ho programu s mision\u00e1rmi po\u010das vyu\u010dovania v priestoroch na\u0161ej \u0161koly.<\/p>\n<p><strong>18.3.2025 (utorok)<\/strong>: duchovn\u00e9ho programu\u00a0 sa z\u00fa\u010dastnia iba pedag\u00f3govia, preto sa <strong>6. vyu\u010dovacia hodina ru\u0161\u00ed.<\/strong><\/p>\n<p>Povzbudzujeme rodiny na\u0161ich \u017eiakov, aby vyu\u017eili mo\u017enos\u0165 duchovne na\u010derpa\u0165 v tomto obdob\u00ed p\u00f4stu ako i prebiehaj\u00facom jubilejnom roku 2025. Cel\u00fd program misi\u00ed si m\u00f4\u017eete pozrie\u0165 na FB profile farnosti alebo tu:\u00a0<a href=\"https:\/\/gkmke.sk\/zs\/wp-content\/uploads\/sites\/3\/2025\/03\/483524336_1079272647576395_8672523337691307581_n-1.pdf\" target=\"_blank\" rel=\"noopener\">Program misi\u00ed vo Farnosti Bo\u017eieho milosrdenstva<\/a><\/p>\n<p><img fetchpriority=\"high\" decoding=\"async\" class=\"alignnone size-full wp-image-9321\" src=\"https:\/\/gkmke.sk\/zs\/wp-content\/uploads\/sites\/3\/2025\/03\/putnicinadeje.png\" alt=\"\" width=\"238\" height=\"234\" \/><\/p>\n","protected":false},"excerpt":{"rendered":"<p>Mil\u00ed rodi\u010dia. Od zajtra za\u010d\u00ednaj\u00fa misie vo Farnosti Bo\u017eieho milosrdenstva na S\u00eddlisku KPV. Na\u0161i \u017eiaci a u\u010ditelia sa preto v pondelok a utorok akt\u00edvne z\u00fa\u010dastnia \u010dasti programu, ktor\u00ed bud\u00fa vies\u0165 mision\u00e1ri. 17.3.2025 (pondelok): \u017eiaci sa z\u00fa\u010dastnia duchovn\u00e9ho programu s mision\u00e1rmi &hellip; <\/p>\n","protected":false},"author":3,"featured_media":9325,"comment_status":"closed","ping_status":"closed","sticky":false,"template":"","format":"standard","meta":{"_acf_changed":false,"footnotes":""},"categories":[39],"tags":[42],"class_list":["post-9323","post","type-post","status-publish","format-standard","has-post-thumbnail","hentry","category-oznamy","tag-slider"],"acf":[],"_links":{"self":[{"href":"https:\/\/gkmke.sk\/zs\/wp-json\/wp\/v2\/posts\/9323","targetHints":{"allow":["GET"]}}],"collection":[{"href":"https:\/\/gkmke.sk\/zs\/wp-json\/wp\/v2\/posts"}],"about":[{"href":"https:\/\/gkmke.sk\/zs\/wp-json\/wp\/v2\/types\/post"}],"author":[{"embeddable":true,"href":"https:\/\/gkmke.sk\/zs\/wp-json\/wp\/v2\/users\/3"}],"replies":[{"embeddable":true,"href":"https:\/\/gkmke.sk\/zs\/wp-json\/wp\/v2\/comments?post=9323"}],"version-history":[{"count":0,"href":"https:\/\/gkmke.sk\/zs\/wp-json\/wp\/v2\/posts\/9323\/revisions"}],"wp:featuredmedia":[{"embeddable":true,"href":"https:\/\/gkmke.sk\/zs\/wp-json\/wp\/v2\/media\/9325"}],"wp:attachment":[{"href":"https:\/\/gkmke.sk\/zs\/wp-json\/wp\/v2\/media?parent=9323"}],"wp:term":[{"taxonomy":"category","embeddable":true,"href":"https:\/\/gkmke.sk\/zs\/wp-json\/wp\/v2\/categories?post=9323"},{"taxonomy":"post_tag","embeddable":true,"href":"https:\/\/gkmke.sk\/zs\/wp-json\/wp\/v2\/tags?post=9323"}],"curies":[{"name":"wp","href":"https:\/\/api.w.org\/{rel}","templated":true}]}}