{"id":1273,"date":"2025-02-27T14:09:19","date_gmt":"2025-02-27T13:09:19","guid":{"rendered":"https:\/\/gkmke.sk\/zustemp\/?p=1273"},"modified":"2025-05-15T09:15:17","modified_gmt":"2025-05-15T07:15:17","slug":"verejny-koncert-zus","status":"publish","type":"post","link":"https:\/\/gkmke.sk\/zus\/verejny-koncert-zus\/","title":{"rendered":"Verejn\u00fd koncert ZU\u0160"},"content":{"rendered":"<p><span data-olk-copy-source=\"MessageBody\">D\u0148a 25. febru\u00e1ra 2025 sa na na\u0161ej ZU\u0160 konal verejn\u00fd koncert, na ktorom sa predstavili \u017eiaci hudobn\u00e9ho odboru. Na koncerte zazneli t\u00f3ny Vivaldiho, \u010di Mozarta, ale aj zn\u00e1ma hudba nov\u0161\u00edch autorov a\u017e po kapelu Queen. Mal\u00ed hudobn\u00edci pote\u0161ili svojich rodi\u010dov a zn\u00e1mych hrou na zobcovej flaute, gitare, klav\u00edri a bic\u00edch n\u00e1strojoch a nech\u00fdbal ani spev. Koncertn\u00fa s\u00e1lu a priestor pred koncertnou s\u00e1lou skr\u00e1\u0161lili v\u00fdtvarn\u00e9 pr\u00e1ce \u017eiakov v\u00fdtvarn\u00e9ho odboru. Te\u0161\u00edme sa na \u010fal\u0161ie koncerty.<\/span><\/p>\n<p><img fetchpriority=\"high\" decoding=\"async\" class=\"alignnone size-full wp-image-1280\" src=\"https:\/\/gkmke.sk\/zus\/wp-content\/uploads\/sites\/5\/2025\/02\/dsc-0072.jpg\" alt=\"\" width=\"1365\" height=\"2048\" \/> <img decoding=\"async\" class=\"alignnone size-full wp-image-1279\" src=\"https:\/\/gkmke.sk\/zus\/wp-content\/uploads\/sites\/5\/2025\/02\/dsc-0022.jpg\" alt=\"\" width=\"2048\" height=\"1365\" \/> <img decoding=\"async\" class=\"alignnone size-full wp-image-1278\" src=\"https:\/\/gkmke.sk\/zus\/wp-content\/uploads\/sites\/5\/2025\/02\/dsc-0019.jpg\" alt=\"\" width=\"2048\" height=\"1365\" \/><\/p>\n<p><img loading=\"lazy\" decoding=\"async\" class=\"alignnone size-full wp-image-1283\" src=\"https:\/\/gkmke.sk\/zus\/wp-content\/uploads\/sites\/5\/2025\/02\/dsc-0113.jpg\" alt=\"\" width=\"2048\" height=\"1365\" \/><\/p>\n<p>Koncert pripravili a hudobne sprev\u00e1dzali: u\u010d. Kov\u00e1\u010d, Nov\u00e1k, Gomb\u00edk, Pacholsk\u00e1, Vincejov\u00e1, Stojkovi\u010dov\u00e1, Pa\u013eov\u010d\u00edkov\u00e1, Grac, Mravcov\u00e1 a Rusn\u00e1kov\u00e1, Cengelov\u00e1 Kram\u00e1rek a Forg\u00e1\u010d<\/p>\n<p><em>Fotoalbum z koncertu n\u00e1jdete<\/em> <a href=\"https:\/\/eu.zonerama.com\/zuscordakova\/Album\/12923702\" target=\"_blank\" rel=\"noopener\">tu.<\/a><\/p>\n<p><em>Text a foto: ZU\u0160\u00a0<\/em><\/p>\n","protected":false},"excerpt":{"rendered":"<p>D\u0148a 25. febru\u00e1ra 2025 sa na na\u0161ej ZU\u0160 konal verejn\u00fd koncert, na ktorom sa predstavili \u017eiaci hudobn\u00e9ho odboru. Na koncerte zazneli t\u00f3ny Vivaldiho, \u010di Mozarta, ale aj zn\u00e1ma hudba nov\u0161\u00edch autorov a\u017e po kapelu Queen. Mal\u00ed hudobn\u00edci pote\u0161ili svojich rodi\u010dov &hellip; <\/p>\n","protected":false},"author":2,"featured_media":1276,"comment_status":"open","ping_status":"open","sticky":false,"template":"","format":"standard","meta":{"_acf_changed":false,"footnotes":""},"categories":[112],"tags":[109],"class_list":["post-1273","post","type-post","status-publish","format-standard","has-post-thumbnail","hentry","category-reportaze","tag-slider"],"acf":[],"_links":{"self":[{"href":"https:\/\/gkmke.sk\/zus\/wp-json\/wp\/v2\/posts\/1273","targetHints":{"allow":["GET"]}}],"collection":[{"href":"https:\/\/gkmke.sk\/zus\/wp-json\/wp\/v2\/posts"}],"about":[{"href":"https:\/\/gkmke.sk\/zus\/wp-json\/wp\/v2\/types\/post"}],"author":[{"embeddable":true,"href":"https:\/\/gkmke.sk\/zus\/wp-json\/wp\/v2\/users\/2"}],"replies":[{"embeddable":true,"href":"https:\/\/gkmke.sk\/zus\/wp-json\/wp\/v2\/comments?post=1273"}],"version-history":[{"count":0,"href":"https:\/\/gkmke.sk\/zus\/wp-json\/wp\/v2\/posts\/1273\/revisions"}],"wp:featuredmedia":[{"embeddable":true,"href":"https:\/\/gkmke.sk\/zus\/wp-json\/wp\/v2\/media\/1276"}],"wp:attachment":[{"href":"https:\/\/gkmke.sk\/zus\/wp-json\/wp\/v2\/media?parent=1273"}],"wp:term":[{"taxonomy":"category","embeddable":true,"href":"https:\/\/gkmke.sk\/zus\/wp-json\/wp\/v2\/categories?post=1273"},{"taxonomy":"post_tag","embeddable":true,"href":"https:\/\/gkmke.sk\/zus\/wp-json\/wp\/v2\/tags?post=1273"}],"curies":[{"name":"wp","href":"https:\/\/api.w.org\/{rel}","templated":true}]}}