{"id":16312,"date":"2025-05-28T08:21:48","date_gmt":"2025-05-28T06:21:48","guid":{"rendered":"https:\/\/gkmke.sk\/zus\/?p=16312"},"modified":"2025-05-28T08:21:48","modified_gmt":"2025-05-28T06:21:48","slug":"iii-rocnik-festivalu","status":"publish","type":"post","link":"https:\/\/gkmke.sk\/zus\/iii-rocnik-festivalu\/","title":{"rendered":"III. ro\u010dn\u00edk festivalu"},"content":{"rendered":"\n<p>D\u0148a 9. m\u00e1ja 2025 sa na na\u0161ej \u0161kole konal u\u017e po tret\u00edkr\u00e1t Festival mal\u00fdch komorn\u00fdch telies. Ide o celo\u0161t\u00e1tnu akciu, ktor\u00fa organizuje na\u0161a ZU\u0160. Tu si m\u00f4\u017eete pozrie\u0165 video z podujatia, ktor\u00e9 bolo odvysielan\u00e9 na STVR v rel\u00e1cii Regina: <a href=\"https:\/\/www.stvr.sk\/televizia\/archiv\/14356\/534361#2822\" target=\"_blank\" rel=\"noopener\">https:\/\/www.stvr.sk\/televizia\/archiv\/14356\/534361#2822<\/a><\/p>\n\n\n\n<figure class=\"wp-block-image size-full\"><img fetchpriority=\"high\" decoding=\"async\" width=\"1132\" height=\"1600\" src=\"https:\/\/gkmke.sk\/zus\/wp-content\/uploads\/sites\/5\/2025\/05\/FMKT2025.jpg\" alt=\"\" class=\"wp-image-16313\" \/><\/figure>\n","protected":false},"excerpt":{"rendered":"<p>D\u0148a 9. m\u00e1ja 2025 sa na na\u0161ej \u0161kole konal u\u017e po tret\u00edkr\u00e1t Festival mal\u00fdch komorn\u00fdch telies. Ide o celo\u0161t\u00e1tnu akciu, ktor\u00fa organizuje na\u0161a ZU\u0160. Tu si m\u00f4\u017eete pozrie\u0165 video z podujatia, ktor\u00e9 bolo odvysielan\u00e9 na STVR v rel\u00e1cii Regina: https:\/\/www.stvr.sk\/televizia\/archiv\/14356\/534361#2822<\/p>\n","protected":false},"author":16,"featured_media":16314,"comment_status":"closed","ping_status":"closed","sticky":false,"template":"","format":"standard","meta":{"_acf_changed":false,"footnotes":""},"categories":[112],"tags":[],"class_list":["post-16312","post","type-post","status-publish","format-standard","has-post-thumbnail","hentry","category-reportaze"],"acf":[],"_links":{"self":[{"href":"https:\/\/gkmke.sk\/zus\/wp-json\/wp\/v2\/posts\/16312","targetHints":{"allow":["GET"]}}],"collection":[{"href":"https:\/\/gkmke.sk\/zus\/wp-json\/wp\/v2\/posts"}],"about":[{"href":"https:\/\/gkmke.sk\/zus\/wp-json\/wp\/v2\/types\/post"}],"author":[{"embeddable":true,"href":"https:\/\/gkmke.sk\/zus\/wp-json\/wp\/v2\/users\/16"}],"replies":[{"embeddable":true,"href":"https:\/\/gkmke.sk\/zus\/wp-json\/wp\/v2\/comments?post=16312"}],"version-history":[{"count":2,"href":"https:\/\/gkmke.sk\/zus\/wp-json\/wp\/v2\/posts\/16312\/revisions"}],"predecessor-version":[{"id":16320,"href":"https:\/\/gkmke.sk\/zus\/wp-json\/wp\/v2\/posts\/16312\/revisions\/16320"}],"wp:featuredmedia":[{"embeddable":true,"href":"https:\/\/gkmke.sk\/zus\/wp-json\/wp\/v2\/media\/16314"}],"wp:attachment":[{"href":"https:\/\/gkmke.sk\/zus\/wp-json\/wp\/v2\/media?parent=16312"}],"wp:term":[{"taxonomy":"category","embeddable":true,"href":"https:\/\/gkmke.sk\/zus\/wp-json\/wp\/v2\/categories?post=16312"},{"taxonomy":"post_tag","embeddable":true,"href":"https:\/\/gkmke.sk\/zus\/wp-json\/wp\/v2\/tags?post=16312"}],"curies":[{"name":"wp","href":"https:\/\/api.w.org\/{rel}","templated":true}]}}