{"id":16442,"date":"2025-06-12T20:54:52","date_gmt":"2025-06-12T18:54:52","guid":{"rendered":"https:\/\/gkmke.sk\/zus\/?p=16442"},"modified":"2025-06-13T10:37:04","modified_gmt":"2025-06-13T08:37:04","slug":"zaverecny-koncert-ziakov-4-rocnika-1-casti","status":"publish","type":"post","link":"https:\/\/gkmke.sk\/zus\/zaverecny-koncert-ziakov-4-rocnika-1-casti\/","title":{"rendered":"Z\u00e1vere\u010dn\u00fd koncert \u017eiakov 4. ro\u010dn\u00edka 1. \u010dasti"},"content":{"rendered":"\n<p>\u201eKde slov\u00e1 zlyhaj\u00fa, hudba prehovor\u00ed.\u201c Hans Christian Andersen<\/p>\n\n\n\n<p><a><\/a>D\u0148a 5. j\u00fana 2025 sa na\u0161ej ZU\u0160 konali z\u00e1vere\u010dn\u00e9 koncerty \u017eiakov 4. ro\u010dn\u00edka 1. \u010dasti. Koncerty sa niesli v n\u00e1dhernej atmosf\u00e9re kr\u00e1snych v\u00fdkonov na\u0161ich hudobn\u00edkov. \u010eakujeme v\u0161etk\u00fdm pedag\u00f3gom, \u017eiakom a hlavne rodi\u010dom za vz\u00e1jomn\u00fa d\u00f4veru, za \u010das a hlavne za to, \u017ee m\u00f4\u017eeme by\u0165 aspo\u0148 takto s\u00fa\u010das\u0165ou ich \u017eivotov.<\/p>\n\n\n\n<p>Fotogal\u00e9ria z koncertu d\u0148a 5. j\u00fana 2025 o 16,00 hod. a 17,00 hod. <\/p>\n\n\n\n<p>Fotograf: Peter Gomb\u00edk a Marcela Vilhanov\u00e1<\/p>\n\n\n\n<figure class=\"wp-block-gallery has-nested-images columns-default is-cropped wp-block-gallery-1 is-layout-flex wp-block-gallery-is-layout-flex\">\n<figure class=\"wp-block-image size-large\"><img fetchpriority=\"high\" decoding=\"async\" width=\"1600\" height=\"966\" data-id=\"16443\" src=\"https:\/\/gkmke.sk\/zus\/wp-content\/uploads\/sites\/5\/2025\/06\/494634562_1400480244719075_8283642410321841776_n-2.jpg\" alt=\"\" class=\"wp-image-16443\" \/><\/figure>\n<\/figure>\n\n\n\n<figure class=\"wp-block-image size-full\"><img decoding=\"async\" width=\"2048\" height=\"1365\" src=\"https:\/\/gkmke.sk\/zus\/wp-content\/uploads\/sites\/5\/2025\/06\/506706758_1405273684239731_950212056020165880_n.jpg\" alt=\"\" class=\"wp-image-16444\" \/><\/figure>\n","protected":false},"excerpt":{"rendered":"<p>\u201eKde slov\u00e1 zlyhaj\u00fa, hudba prehovor\u00ed.\u201c Hans Christian Andersen D\u0148a 5. j\u00fana 2025 sa na\u0161ej ZU\u0160 konali z\u00e1vere\u010dn\u00e9 koncerty \u017eiakov 4. ro\u010dn\u00edka 1. \u010dasti. Koncerty sa niesli v n\u00e1dhernej atmosf\u00e9re kr\u00e1snych v\u00fdkonov na\u0161ich hudobn\u00edkov. \u010eakujeme v\u0161etk\u00fdm pedag\u00f3gom, \u017eiakom a hlavne rodi\u010dom &hellip; <\/p>\n","protected":false},"author":16,"featured_media":0,"comment_status":"closed","ping_status":"closed","sticky":false,"template":"","format":"standard","meta":{"_acf_changed":false,"footnotes":""},"categories":[1],"tags":[],"class_list":["post-16442","post","type-post","status-publish","format-standard","hentry","category-nezaradene"],"acf":[],"_links":{"self":[{"href":"https:\/\/gkmke.sk\/zus\/wp-json\/wp\/v2\/posts\/16442","targetHints":{"allow":["GET"]}}],"collection":[{"href":"https:\/\/gkmke.sk\/zus\/wp-json\/wp\/v2\/posts"}],"about":[{"href":"https:\/\/gkmke.sk\/zus\/wp-json\/wp\/v2\/types\/post"}],"author":[{"embeddable":true,"href":"https:\/\/gkmke.sk\/zus\/wp-json\/wp\/v2\/users\/16"}],"replies":[{"embeddable":true,"href":"https:\/\/gkmke.sk\/zus\/wp-json\/wp\/v2\/comments?post=16442"}],"version-history":[{"count":1,"href":"https:\/\/gkmke.sk\/zus\/wp-json\/wp\/v2\/posts\/16442\/revisions"}],"predecessor-version":[{"id":16446,"href":"https:\/\/gkmke.sk\/zus\/wp-json\/wp\/v2\/posts\/16442\/revisions\/16446"}],"wp:attachment":[{"href":"https:\/\/gkmke.sk\/zus\/wp-json\/wp\/v2\/media?parent=16442"}],"wp:term":[{"taxonomy":"category","embeddable":true,"href":"https:\/\/gkmke.sk\/zus\/wp-json\/wp\/v2\/categories?post=16442"},{"taxonomy":"post_tag","embeddable":true,"href":"https:\/\/gkmke.sk\/zus\/wp-json\/wp\/v2\/tags?post=16442"}],"curies":[{"name":"wp","href":"https:\/\/api.w.org\/{rel}","templated":true}]}}