{"id":16447,"date":"2025-06-13T10:39:28","date_gmt":"2025-06-13T08:39:28","guid":{"rendered":"https:\/\/gkmke.sk\/zus\/?p=16447"},"modified":"2025-06-13T10:40:46","modified_gmt":"2025-06-13T08:40:46","slug":"vernisaz-vytvarnych-prac-vytvarneho-odboru-zus","status":"publish","type":"post","link":"https:\/\/gkmke.sk\/zus\/vernisaz-vytvarnych-prac-vytvarneho-odboru-zus\/","title":{"rendered":"Vernis\u00e1\u017e v\u00fdtvarn\u00fdch pr\u00e1c v\u00fdtvarn\u00e9ho odboru ZU\u0160"},"content":{"rendered":"\n<p>Srde\u010dne v\u00e1s poz\u00fdvame na sl\u00e1vnostn\u00fa vernis\u00e1\u017e v\u00fdstavy absolventov 1. a 2. stup\u0148a v\u00fdtvarn\u00e9ho odboru ZU\u0160.<\/p>\n\n\n\n<p>&nbsp;Kedy: 17. j\u00fana 2025 o 17:06<\/p>\n\n\n\n<p>&nbsp;Kde:&nbsp;<a href=\"https:\/\/www.facebook.com\/vymennik.brigadnicka?__cft__[0]=AZU_QWKjU_A5fypK-5sekj7Jk8drB8rkoDhtH9vIhx4nsvMD8L1aSp2JZfFIXJPxrQ6ArNvSKfVeZFvZen1w0dBV8lbq_lZ-l78tAcuPsB_QnPw7SpWsjOx8hxxkjja7rJXuRbHmIBcPKfTWgrN0hfs1RPro0tfODk5yuaigPSFJWQ&amp;__tn__=-]K*F\" target=\"_blank\" rel=\"noopener\">V\u00fdmenn\u00edk Brig\u00e1dnick\u00e1<\/a><\/p>\n\n\n\n<p>&nbsp;\u010co uvid\u00edte: V\u00fdber ve\u013ekoform\u00e1tov\u00fdch pr\u00e1c, ktor\u00e9 predstavuj\u00fa r\u00f4znorod\u00fd poh\u013ead mlad\u00fdch autorov na v\u00fdtvarn\u00e9 umenie.<\/p>\n\n\n\n<p>V\u00fdstava potrv\u00e1 do 30. augusta 2025 pod\u013ea programu V\u00fdmenn\u00edka.<\/p>\n\n\n\n<p>Pr\u00ed\u010fte podpori\u0165 mlad\u00e9 talenty a za\u017ei\u0165 pr\u00edjemn\u00fd umeleck\u00fd podve\u010der.<\/p>\n\n\n\n<div class=\"wp-block-group\"><div class=\"wp-block-group__inner-container is-layout-constrained wp-block-group-is-layout-constrained\">\n<details class=\"wp-block-details is-layout-flow wp-block-details-is-layout-flow\"><summary><\/summary>\n<div class=\"wp-block-file\"><a href=\"https:\/\/static.xx.fbcdn.net\/images\/emoji.php\/v9\/t6d\/1\/16\/1f973.png\" class=\"wp-block-file__button wp-element-button\" download target=\"_blank\" rel=\"noopener\">Stiahnu\u0165<\/a><\/div>\n<\/details>\n\n\n\n<figure class=\"wp-block-image size-full\"><img fetchpriority=\"high\" decoding=\"async\" width=\"1131\" height=\"1600\" src=\"https:\/\/gkmke.sk\/zus\/wp-content\/uploads\/sites\/5\/2025\/06\/505658171_1124245343074447_8238127637424177471_n.jpg\" alt=\"\" class=\"wp-image-16448\" \/><\/figure>\n<\/div><\/div>\n","protected":false},"excerpt":{"rendered":"<p>Srde\u010dne v\u00e1s poz\u00fdvame na sl\u00e1vnostn\u00fa vernis\u00e1\u017e v\u00fdstavy absolventov 1. a 2. stup\u0148a v\u00fdtvarn\u00e9ho odboru ZU\u0160. &nbsp;Kedy: 17. j\u00fana 2025 o 17:06 &nbsp;Kde:&nbsp;V\u00fdmenn\u00edk Brig\u00e1dnick\u00e1 &nbsp;\u010co uvid\u00edte: V\u00fdber ve\u013ekoform\u00e1tov\u00fdch pr\u00e1c, ktor\u00e9 predstavuj\u00fa r\u00f4znorod\u00fd poh\u013ead mlad\u00fdch autorov na v\u00fdtvarn\u00e9 umenie. V\u00fdstava potrv\u00e1 do &hellip; <\/p>\n","protected":false},"author":16,"featured_media":0,"comment_status":"closed","ping_status":"closed","sticky":false,"template":"","format":"standard","meta":{"_acf_changed":false,"footnotes":""},"categories":[1],"tags":[],"class_list":["post-16447","post","type-post","status-publish","format-standard","hentry","category-nezaradene"],"acf":[],"_links":{"self":[{"href":"https:\/\/gkmke.sk\/zus\/wp-json\/wp\/v2\/posts\/16447","targetHints":{"allow":["GET"]}}],"collection":[{"href":"https:\/\/gkmke.sk\/zus\/wp-json\/wp\/v2\/posts"}],"about":[{"href":"https:\/\/gkmke.sk\/zus\/wp-json\/wp\/v2\/types\/post"}],"author":[{"embeddable":true,"href":"https:\/\/gkmke.sk\/zus\/wp-json\/wp\/v2\/users\/16"}],"replies":[{"embeddable":true,"href":"https:\/\/gkmke.sk\/zus\/wp-json\/wp\/v2\/comments?post=16447"}],"version-history":[{"count":1,"href":"https:\/\/gkmke.sk\/zus\/wp-json\/wp\/v2\/posts\/16447\/revisions"}],"predecessor-version":[{"id":16450,"href":"https:\/\/gkmke.sk\/zus\/wp-json\/wp\/v2\/posts\/16447\/revisions\/16450"}],"wp:attachment":[{"href":"https:\/\/gkmke.sk\/zus\/wp-json\/wp\/v2\/media?parent=16447"}],"wp:term":[{"taxonomy":"category","embeddable":true,"href":"https:\/\/gkmke.sk\/zus\/wp-json\/wp\/v2\/categories?post=16447"},{"taxonomy":"post_tag","embeddable":true,"href":"https:\/\/gkmke.sk\/zus\/wp-json\/wp\/v2\/tags?post=16447"}],"curies":[{"name":"wp","href":"https:\/\/api.w.org\/{rel}","templated":true}]}}