{"id":16506,"date":"2025-06-24T20:30:45","date_gmt":"2025-06-24T18:30:45","guid":{"rendered":"https:\/\/gkmke.sk\/zus\/?p=16506"},"modified":"2025-06-24T20:31:07","modified_gmt":"2025-06-24T18:31:07","slug":"netradicny-koncert-2","status":"publish","type":"post","link":"https:\/\/gkmke.sk\/zus\/netradicny-koncert-2\/","title":{"rendered":"(Ne)tradi\u010dn\u00fd koncert"},"content":{"rendered":"\n<p>17. j\u00fana 2025 sa koncertn\u00e1 s\u00e1la posledn\u00fdkr\u00e1t v tomto \u0161kolskom roku rozozvu\u010dala v\u00fdkonmi na\u0161ich \u017eiakov. Na (ne)tradi\u010dnom koncerte si obecenstvo vychutnalo skladby od obdobia baroka a\u017e po jazz \u010di modern\u00e9 prevedenia ve\u013ek\u00fdch klasikov. V tomto \u0161kolskom roku sa koncertn\u00e1 s\u00e1la ZU\u0160 sv. Ko\u0161ick\u00fdch mu\u010den\u00edkov l\u00fa\u010di a te\u0161\u00ed sa na nov\u00e9 v\u00fdkony \u017eiakov a u\u010dite\u013eov v \u010fal\u0161om \u0161kolskom roku 2025\/2026.<\/p>\n\n\n\n<figure class=\"wp-block-gallery has-nested-images columns-default is-cropped wp-block-gallery-1 is-layout-flex wp-block-gallery-is-layout-flex\">\n<figure class=\"wp-block-image size-large\"><img fetchpriority=\"high\" decoding=\"async\" width=\"1600\" height=\"1066\" data-id=\"16515\" src=\"https:\/\/gkmke.sk\/zus\/wp-content\/uploads\/sites\/5\/2025\/06\/495137733_1413576553409444_1011355446617403926_n.jpg\" alt=\"\" class=\"wp-image-16515\"\/><\/figure>\n\n\n\n<figure class=\"wp-block-image size-large\"><img decoding=\"async\" width=\"1365\" height=\"2048\" data-id=\"16514\" src=\"https:\/\/gkmke.sk\/zus\/wp-content\/uploads\/sites\/5\/2025\/06\/495297039_1413576620076104_5449523658655561200_n.jpg\" alt=\"\" class=\"wp-image-16514\"\/><\/figure>\n\n\n\n<figure class=\"wp-block-image size-large\"><img decoding=\"async\" width=\"2048\" height=\"1365\" data-id=\"16513\" src=\"https:\/\/gkmke.sk\/zus\/wp-content\/uploads\/sites\/5\/2025\/06\/510326794_1413576376742795_6244166142589805668_n.jpg\" alt=\"\" class=\"wp-image-16513\"\/><\/figure>\n\n\n\n<figure class=\"wp-block-image size-large\"><img loading=\"lazy\" decoding=\"async\" width=\"2048\" height=\"1261\" data-id=\"16512\" src=\"https:\/\/gkmke.sk\/zus\/wp-content\/uploads\/sites\/5\/2025\/06\/505865456_1413576126742820_4311238602762452474_n.jpg\" alt=\"\" class=\"wp-image-16512\" srcset=\"https:\/\/gkmke.sk\/zus\/wp-content\/uploads\/sites\/5\/2025\/06\/505865456_1413576126742820_4311238602762452474_n.jpg 2048w, https:\/\/gkmke.sk\/zus\/wp-content\/uploads\/sites\/5\/2025\/06\/505865456_1413576126742820_4311238602762452474_n-600x369.jpg 600w\" sizes=\"(max-width: 2048px) 100vw, 2048px\" \/><\/figure>\n\n\n\n<figure class=\"wp-block-image size-large\"><img loading=\"lazy\" decoding=\"async\" width=\"1066\" height=\"1600\" data-id=\"16507\" src=\"https:\/\/gkmke.sk\/zus\/wp-content\/uploads\/sites\/5\/2025\/06\/506854404_1413575840076182_6773714537166084108_n.jpg\" alt=\"\" class=\"wp-image-16507\"\/><\/figure>\n\n\n\n<figure class=\"wp-block-image size-large\"><img loading=\"lazy\" decoding=\"async\" width=\"2048\" height=\"1365\" data-id=\"16511\" src=\"https:\/\/gkmke.sk\/zus\/wp-content\/uploads\/sites\/5\/2025\/06\/494093909_1413575806742852_3831993313042729064_n.jpg\" alt=\"\" class=\"wp-image-16511\"\/><\/figure>\n\n\n\n<figure class=\"wp-block-image size-large\"><img loading=\"lazy\" decoding=\"async\" width=\"2048\" height=\"1365\" data-id=\"16508\" src=\"https:\/\/gkmke.sk\/zus\/wp-content\/uploads\/sites\/5\/2025\/06\/499229111_1413575966742836_4760980634497090425_n.jpg\" alt=\"\" class=\"wp-image-16508\"\/><\/figure>\n\n\n\n<figure class=\"wp-block-image size-large\"><img loading=\"lazy\" decoding=\"async\" width=\"1600\" height=\"1066\" data-id=\"16509\" src=\"https:\/\/gkmke.sk\/zus\/wp-content\/uploads\/sites\/5\/2025\/06\/505383574_1413576136742819_593431138158356238_n.jpg\" alt=\"\" class=\"wp-image-16509\"\/><\/figure>\n<\/figure>\n","protected":false},"excerpt":{"rendered":"<p>17. j\u00fana 2025 sa koncertn\u00e1 s\u00e1la posledn\u00fdkr\u00e1t v tomto \u0161kolskom roku rozozvu\u010dala v\u00fdkonmi na\u0161ich \u017eiakov. Na (ne)tradi\u010dnom koncerte si obecenstvo vychutnalo skladby od obdobia baroka a\u017e po jazz \u010di modern\u00e9 prevedenia ve\u013ek\u00fdch klasikov. V tomto \u0161kolskom roku sa koncertn\u00e1 s\u00e1la &hellip; <\/p>\n","protected":false},"author":2,"featured_media":16512,"comment_status":"closed","ping_status":"closed","sticky":false,"template":"","format":"standard","meta":{"_acf_changed":false,"footnotes":""},"categories":[112],"tags":[],"class_list":["post-16506","post","type-post","status-publish","format-standard","has-post-thumbnail","hentry","category-reportaze"],"acf":[],"_links":{"self":[{"href":"https:\/\/gkmke.sk\/zus\/wp-json\/wp\/v2\/posts\/16506","targetHints":{"allow":["GET"]}}],"collection":[{"href":"https:\/\/gkmke.sk\/zus\/wp-json\/wp\/v2\/posts"}],"about":[{"href":"https:\/\/gkmke.sk\/zus\/wp-json\/wp\/v2\/types\/post"}],"author":[{"embeddable":true,"href":"https:\/\/gkmke.sk\/zus\/wp-json\/wp\/v2\/users\/2"}],"replies":[{"embeddable":true,"href":"https:\/\/gkmke.sk\/zus\/wp-json\/wp\/v2\/comments?post=16506"}],"version-history":[{"count":1,"href":"https:\/\/gkmke.sk\/zus\/wp-json\/wp\/v2\/posts\/16506\/revisions"}],"predecessor-version":[{"id":16517,"href":"https:\/\/gkmke.sk\/zus\/wp-json\/wp\/v2\/posts\/16506\/revisions\/16517"}],"wp:featuredmedia":[{"embeddable":true,"href":"https:\/\/gkmke.sk\/zus\/wp-json\/wp\/v2\/media\/16512"}],"wp:attachment":[{"href":"https:\/\/gkmke.sk\/zus\/wp-json\/wp\/v2\/media?parent=16506"}],"wp:term":[{"taxonomy":"category","embeddable":true,"href":"https:\/\/gkmke.sk\/zus\/wp-json\/wp\/v2\/categories?post=16506"},{"taxonomy":"post_tag","embeddable":true,"href":"https:\/\/gkmke.sk\/zus\/wp-json\/wp\/v2\/tags?post=16506"}],"curies":[{"name":"wp","href":"https:\/\/api.w.org\/{rel}","templated":true}]}}